{"id":62116,"date":"2026-01-30T15:13:00","date_gmt":"2026-01-30T18:13:00","guid":{"rendered":"https:\/\/www.radiopresidenteibanez.cl\/web\/?p=62116"},"modified":"2026-01-30T11:10:27","modified_gmt":"2026-01-30T14:10:27","slug":"cormag-expone-avances-de-su-instalacion-y-cartera-de-inversiones-en-encuentro-nacional-sobre-descentralizacion","status":"publish","type":"post","link":"https:\/\/www.radiopresidenteibanez.cl\/web\/cormag-expone-avances-de-su-instalacion-y-cartera-de-inversiones-en-encuentro-nacional-sobre-descentralizacion\/","title":{"rendered":"CORMAG expone avances de su instalaci\u00f3n y cartera de inversiones en encuentro nacional sobre descentralizaci\u00f3n"},"content":{"rendered":"\n<p>En el marco del Encuentro \u201cDesaf\u00edos de Gobernabilidad y Descentralizaci\u00f3n<br>2026\u20132030\u201d, la Gerenta General de la Corporaci\u00f3n de Desarrollo de Magallanes y<br>de la Ant\u00e1rtica Chilena (CORMAG) particip\u00f3 como expositora en esta instancia de<br>car\u00e1cter nacional realizada en la Universidad Austral de Chile, en la ciudad de<br>Valdivia. La actividad reuni\u00f3 a autoridades regionales, representantes del mundo<br>acad\u00e9mico y actores estrat\u00e9gicos vinculados al desarrollo territorial.<br>El encuentro es organizado por la Asociaci\u00f3n Nacional de Consejeros y<br>Consejeras Regionales de Chile (ANCORE), el Gobierno Regional de Los<br>R\u00edos y la Universidad Austral de Chile, consolid\u00e1ndose como un espacio clave<br>de di\u00e1logo en torno al fortalecimiento de la gobernanza territorial y al avance del<br>proceso de descentralizaci\u00f3n en el pa\u00eds.<br>Durante su presentaci\u00f3n, la Gerenta General de CORMAG dio a conocer los<br>avances en el proceso de instalaci\u00f3n de la corporaci\u00f3n, destacando el trabajo<br>realizado para consolidar una gobernanza moderna, articulada con el Gobierno<br>Regional y alineada con las prioridades estrat\u00e9gicas del territorio.<br>Asimismo, expuso el estado de la cartera de iniciativas de inversi\u00f3n,<br>subrayando proyectos orientados a fortalecer la diversificaci\u00f3n productiva, las<br>competencias laborales, el desarrollo social y deportivo, el turismo sostenible, la<br>industria creativa y la innovaci\u00f3n, todos ejes clave para el crecimiento econ\u00f3mico<br>de la regi\u00f3n m\u00e1s austral del pa\u00eds.<br>La participaci\u00f3n de CORMAG en este espacio de di\u00e1logo nacional reafirma su<br>compromiso con una descentralizaci\u00f3n efectiva, donde las regiones no solo<br>administran recursos, sino que tambi\u00e9n lideran su propio modelo de desarrollo,<br>con identidad territorial, visi\u00f3n de largo plazo y colaboraci\u00f3n p\u00fablico-privada.<br>Con su presencia en este tipo de instancias, la corporaci\u00f3n contin\u00faa consolidando<br>su posicionamiento a nivel nacional como un actor relevante en la promoci\u00f3n de<br>inversi\u00f3n estrat\u00e9gica y en la construcci\u00f3n de un modelo de desarrollo sostenible<br>para Magallanes y la Ant\u00e1rtica Chilena, proyectando a la regi\u00f3n como un referente<br>en gesti\u00f3n regional desde el extremo sur del mundo.<\/p>\n","protected":false},"excerpt":{"rendered":"<p>En el marco del Encuentro \u201cDesaf\u00edos de Gobernabilidad y Descentralizaci\u00f3n2026\u20132030\u201d, la Gerenta General de la Corporaci\u00f3n de Desarrollo de Magallanes yde la Ant\u00e1rtica Chilena (CORMAG) particip\u00f3 como expositora en esta&#8230; <a class=\"read-more\" href=\"https:\/\/www.radiopresidenteibanez.cl\/web\/cormag-expone-avances-de-su-instalacion-y-cartera-de-inversiones-en-encuentro-nacional-sobre-descentralizacion\/\">Leer m\u00e1s<\/a><\/p>\n","protected":false},"author":2,"featured_media":62117,"comment_status":"closed","ping_status":"closed","sticky":false,"template":"","format":"standard","meta":{"footnotes":""},"categories":[1],"tags":[],"class_list":["post-62116","post","type-post","status-publish","format-standard","has-post-thumbnail","hentry","category-cronica"],"_links":{"self":[{"href":"https:\/\/www.radiopresidenteibanez.cl\/web\/wp-json\/wp\/v2\/posts\/62116","targetHints":{"allow":["GET"]}}],"collection":[{"href":"https:\/\/www.radiopresidenteibanez.cl\/web\/wp-json\/wp\/v2\/posts"}],"about":[{"href":"https:\/\/www.radiopresidenteibanez.cl\/web\/wp-json\/wp\/v2\/types\/post"}],"author":[{"embeddable":true,"href":"https:\/\/www.radiopresidenteibanez.cl\/web\/wp-json\/wp\/v2\/users\/2"}],"replies":[{"embeddable":true,"href":"https:\/\/www.radiopresidenteibanez.cl\/web\/wp-json\/wp\/v2\/comments?post=62116"}],"version-history":[{"count":1,"href":"https:\/\/www.radiopresidenteibanez.cl\/web\/wp-json\/wp\/v2\/posts\/62116\/revisions"}],"predecessor-version":[{"id":62118,"href":"https:\/\/www.radiopresidenteibanez.cl\/web\/wp-json\/wp\/v2\/posts\/62116\/revisions\/62118"}],"wp:featuredmedia":[{"embeddable":true,"href":"https:\/\/www.radiopresidenteibanez.cl\/web\/wp-json\/wp\/v2\/media\/62117"}],"wp:attachment":[{"href":"https:\/\/www.radiopresidenteibanez.cl\/web\/wp-json\/wp\/v2\/media?parent=62116"}],"wp:term":[{"taxonomy":"category","embeddable":true,"href":"https:\/\/www.radiopresidenteibanez.cl\/web\/wp-json\/wp\/v2\/categories?post=62116"},{"taxonomy":"post_tag","embeddable":true,"href":"https:\/\/www.radiopresidenteibanez.cl\/web\/wp-json\/wp\/v2\/tags?post=62116"}],"curies":[{"name":"wp","href":"https:\/\/api.w.org\/{rel}","templated":true}]}}