{"id":62113,"date":"2026-01-30T13:49:00","date_gmt":"2026-01-30T16:49:00","guid":{"rendered":"https:\/\/www.radiopresidenteibanez.cl\/web\/?p=62113"},"modified":"2026-01-30T10:57:30","modified_gmt":"2026-01-30T13:57:30","slug":"crecimiento-quirurgico-sostenido-en-los-ultimos-cinco-anos-en-hospital-de-natales","status":"publish","type":"post","link":"https:\/\/www.radiopresidenteibanez.cl\/web\/crecimiento-quirurgico-sostenido-en-los-ultimos-cinco-anos-en-hospital-de-natales\/","title":{"rendered":"Crecimiento quir\u00fargico sostenido en los \u00faltimos cinco a\u00f1os en Hospital de Natales"},"content":{"rendered":"\n<p>De acuerdo con los registros de la Unidad de Gesti\u00f3n Prequir\u00fargica, las intervenciones quir\u00fargicas<br>electivas han aumentado de manera significativa desde el a\u00f1o 2021, pasando de 176 cirug\u00edas a un<br>total de 577 proyectadas para el a\u00f1o 2025, lo que da cuenta de un avance relevante en la respuesta<br>asistencial del establecimiento.<br>Al respecto, el Subdirector M\u00e9dico del Hospital de Natales, Dr. Marcos Mu\u00f1oz, destac\u00f3 que este<br>crecimiento responde a una planificaci\u00f3n estrat\u00e9gica orientada a reforzar las especialidades m\u00e9dicas<br>y optimizar los procesos quir\u00fargicos comentando que \u201cesto nos da pie a seguir trabajando de manera<br>intensa para que nuestros pabellones sigan produciendo a\u00fan m\u00e1s a lo largo del tiempo y reducir de<br>manera significativa la lista de espera local de pacientes que est\u00e1n a la espera de una cirug\u00eda.\u201d<br>Por su parte, la Enfermera Encargada de la Unidad de Gesti\u00f3n Prequir\u00fargica y Referente de la Lista de<br>Espera Quir\u00fargica, Maritza Venegas, explic\u00f3 que el incremento en la producci\u00f3n quir\u00fargica est\u00e1<br>directamente relacionado con el aumento de especialistas en el hospital.<br>\u201cTenemos mucho m\u00e1s especialistas en comparaci\u00f3n a cuando empezamos en el 2021. Hoy contamos<br>con una dotaci\u00f3n de seis cirujanos en cirug\u00eda general, lo que aumenta la producci\u00f3n de atenci\u00f3n y<br>permite que ingresen muchos m\u00e1s usuarios semanalmente a la lista de espera y, por ende, a las<br>intervenciones quir\u00fargicas\u201d, indic\u00f3.<br>Maritza Venegas agreg\u00f3 que durante el a\u00f1o 2025 se incorpor\u00f3 la especialidad de dermatolog\u00eda, la<br>cual tambi\u00e9n participa activamente dentro del proceso quir\u00fargico, ampliando la cartera de<br>prestaciones disponibles para la comunidad. Asimismo, destac\u00f3 el fortalecimiento de otras \u00e1reas<br>clave como \u201cginecolog\u00eda donde contamos con seis profesionales, lo que permite una atenci\u00f3n m\u00e1s<br>oportuna y adecuada de los usuarios, y en traumatolog\u00eda disponemos de dos traumat\u00f3logos, lo que<br>tambi\u00e9n contribuye al aumento de la resolutividad quir\u00fargica del hospital\u201d.<br>Este crecimiento sostenido reafirma el compromiso del Hospital de Natales con la reducci\u00f3n de los<br>tiempos de espera quir\u00fargica y con el fortalecimiento de una atenci\u00f3n integral, oportuna y de calidad<br>para los habitantes de la provincia de \u00daltima Esperanza.<\/p>\n","protected":false},"excerpt":{"rendered":"<p>De acuerdo con los registros de la Unidad de Gesti\u00f3n Prequir\u00fargica, las intervenciones quir\u00fargicaselectivas han aumentado de manera significativa desde el a\u00f1o 2021, pasando de 176 cirug\u00edas a untotal de&#8230; <a class=\"read-more\" href=\"https:\/\/www.radiopresidenteibanez.cl\/web\/crecimiento-quirurgico-sostenido-en-los-ultimos-cinco-anos-en-hospital-de-natales\/\">Leer m\u00e1s<\/a><\/p>\n","protected":false},"author":2,"featured_media":62114,"comment_status":"closed","ping_status":"closed","sticky":false,"template":"","format":"standard","meta":{"footnotes":""},"categories":[1],"tags":[],"class_list":["post-62113","post","type-post","status-publish","format-standard","has-post-thumbnail","hentry","category-cronica"],"_links":{"self":[{"href":"https:\/\/www.radiopresidenteibanez.cl\/web\/wp-json\/wp\/v2\/posts\/62113","targetHints":{"allow":["GET"]}}],"collection":[{"href":"https:\/\/www.radiopresidenteibanez.cl\/web\/wp-json\/wp\/v2\/posts"}],"about":[{"href":"https:\/\/www.radiopresidenteibanez.cl\/web\/wp-json\/wp\/v2\/types\/post"}],"author":[{"embeddable":true,"href":"https:\/\/www.radiopresidenteibanez.cl\/web\/wp-json\/wp\/v2\/users\/2"}],"replies":[{"embeddable":true,"href":"https:\/\/www.radiopresidenteibanez.cl\/web\/wp-json\/wp\/v2\/comments?post=62113"}],"version-history":[{"count":1,"href":"https:\/\/www.radiopresidenteibanez.cl\/web\/wp-json\/wp\/v2\/posts\/62113\/revisions"}],"predecessor-version":[{"id":62115,"href":"https:\/\/www.radiopresidenteibanez.cl\/web\/wp-json\/wp\/v2\/posts\/62113\/revisions\/62115"}],"wp:featuredmedia":[{"embeddable":true,"href":"https:\/\/www.radiopresidenteibanez.cl\/web\/wp-json\/wp\/v2\/media\/62114"}],"wp:attachment":[{"href":"https:\/\/www.radiopresidenteibanez.cl\/web\/wp-json\/wp\/v2\/media?parent=62113"}],"wp:term":[{"taxonomy":"category","embeddable":true,"href":"https:\/\/www.radiopresidenteibanez.cl\/web\/wp-json\/wp\/v2\/categories?post=62113"},{"taxonomy":"post_tag","embeddable":true,"href":"https:\/\/www.radiopresidenteibanez.cl\/web\/wp-json\/wp\/v2\/tags?post=62113"}],"curies":[{"name":"wp","href":"https:\/\/api.w.org\/{rel}","templated":true}]}}