{"id":6211,"date":"2019-08-08T18:57:23","date_gmt":"2019-08-08T18:57:23","guid":{"rendered":"http:\/\/www.radiopresidenteibanez.cl\/web\/?p=6211"},"modified":"2019-08-08T18:57:29","modified_gmt":"2019-08-08T18:57:29","slug":"se-abren-las-postulaciones-para-ser-parte-de-la-seleccion-nacional-de-las-pymes","status":"publish","type":"post","link":"https:\/\/www.radiopresidenteibanez.cl\/web\/se-abren-las-postulaciones-para-ser-parte-de-la-seleccion-nacional-de-las-pymes\/","title":{"rendered":"SE ABREN LAS POSTULACIONES PARA SER PARTE DE LA \u201cSELECCI\u00d3N NACIONAL DE LAS PYMES\u201d"},"content":{"rendered":"\n<p>En el marco de la celebraci\u00f3n de la Semana de la\nPyme 2019, Sercotec abre sus postulaciones para la \u201cSelecci\u00f3n Nacional de\nPymes\u201d, concurso que elegir\u00e1 a las mejores 11 peque\u00f1as y medianas empresas del\npa\u00eds. \u00c9ste tiene como objetivo reconocer el orgullo de ser emprendedor en Chile\ny de entregarle valor a la labor que desarrollan los nuevos negocios chilenos.<strong><\/strong><\/p>\n\n\n\n<p>El lanzamiento regional\nde esta convocatoria se realiz\u00f3 en Avenida Costanera con Av. Col\u00f3n y en dicha\ninstancia, Natalia Easton Cortesi, Seremi de Econom\u00eda, Fomento y Turismo,\nreconoci\u00f3 el importante rol de las pymes como el motor de la econom\u00eda regional,\nafirmando \u201cnos interesa conocer las experiencias de las pymes locales y destacar\nlas historias de esfuerzo, superaci\u00f3n e inspiraci\u00f3n detr\u00e1s de cada uno de\nellos. Los seleccionados que mejor representen el esp\u00edritu emprendedor del a\u00f1o\n2019 ser\u00e1n reconocidos por nuestro Presidente Sebasti\u00e1n Pi\u00f1era y protagonizar\u00e1n\nuna campa\u00f1a de comunicaci\u00f3n en medios impulsada por el Ministerio de Econom\u00eda, que\npromover\u00e1 sus negocios y los har\u00e1 protagonistas de nuestro Chile En Marcha\u201d.<\/p>\n\n\n\n<p>En la actividad, tambi\u00e9n\nestuvo presente la Kombi Gourmet, quienes fueron parte de la postulaci\u00f3n 2018 y\nahora, se mostraron muy contentos con esta nueva oportunidad ser parte de la\nSelecci\u00f3n Nacional de Pymes. \u201cNosotros el a\u00f1o pasado postulamos de forma m\u00e1s o\nmenos casera, improvisada y ahora ya queremos producirnos un poco m\u00e1s. Felices\npara mostrarnos, para que la gente nos apoye, vote por nosotros. Nos sirve\nigual para conocer m\u00e1s gente y obviamente invitamos a todos los magall\u00e1nicos a\npostular, una sana competencia siempre es bienvenida\u201d enfatiz\u00f3 Paula Munizaga,\ndue\u00f1a de la Kombi Gourmet. <\/p>\n\n\n\n<p><strong>\u00bfC\u00f3mo\npostular?<\/strong> <\/p>\n\n\n\n<p>Hasta el jueves 22 de agosto a las 17.00 horas, los\ninteresados podr\u00e1n ingresar a <a href=\"http:\/\/www.seleccionnacionaldepymes.cl\">www.seleccionnacionaldepymes.cl<\/a>, registrarse para\nllenar un formulario y subir un video de 60 segundos describiendo en qu\u00e9\nconsiste su empresa, el producto o servicio que ofrece, qu\u00e9 problem\u00e1tica\nresuelve, a qu\u00e9 clientes est\u00e1 dirigido y por qu\u00e9 deber\u00eda ser elegida como una\nde las mejores de Chile.<\/p>\n\n\n\n<p><strong>\u00bfCu\u00e1les son\nlos requisitos?<\/strong><\/p>\n\n\n\n<p>&#8211; Podr\u00e1n postular todas las personas jur\u00eddicas o\nnaturales, con inicio de actividades en primera categor\u00eda ante el Servicio de\nImpuestos Internos.<\/p>\n\n\n\n<p>&#8211; Las ventas netas de las empresas que se inscriban\ndeben ser iguales o inferiores a 25.000 UF.<\/p>\n\n\n\n<p>&#8211; Para participar, los emprendedores deben\ncompletar el formulario de registro que est\u00e1 en <a href=\"http:\/\/www.seleccionnacionaldepymes.cl\">www.seleccionnacionaldepymes.cl<\/a>,\nsubir su video de 60 segundos y cumplir con las admisibilidades establecidas en\nlas bases, lo cual tambi\u00e9n implica haber aceptado los t\u00e9rminos y condiciones de\nuso de la convocatoria.<\/p>\n\n\n\n<p>&#8211; Los postulantes deber\u00e1n comunicar c\u00f3mo su empresa\nrepresenta el orgullo de ser emprendedor en Chile y justificar por qu\u00e9 deber\u00eda\nser elegida como una de las mejores de Chile.<\/p>\n\n\n\n<p><strong>\u00bfC\u00f3mo se\nformar\u00e1 la Selecci\u00f3n Nacional de Pymes?<\/strong><\/p>\n\n\n\n<p>En la primera etapa y a trav\u00e9s de la misma p\u00e1gina\nweb <a href=\"http:\/\/www.seleccionnacionaldepymes.cl\">www.seleccionnacionaldepymes.cl<\/a>,\ntodos podr\u00e1n votar online por sus 11 pymes favoritas de la regi\u00f3n en la que\nvive, desde el martes 27 de agosto a las 10.00 horas y hasta el lunes 9 de\nseptiembre a las 12.00 horas. Para luego, en una segunda etapa, elegir entre\nlos mejores de cada regi\u00f3n, a los 11 mejores de Chile. <\/p>\n\n\n\n<p><strong>Premio:<\/strong> <\/p>\n\n\n\n<p>Las 11 mejores\niniciativas del pa\u00eds recibir\u00e1n una pasant\u00eda en Estados Unidos para conocer el\necosistema del emprendimiento, acceder a herramientas en la adquisici\u00f3n de\nconocimientos profesionales, identificar oportunidades, mejorar la calidad de\nsus productos, incorporar innovaci\u00f3n y para la promoci\u00f3n comercial de sus\nempresas.<\/p>\n","protected":false},"excerpt":{"rendered":"<p>En el marco de la celebraci\u00f3n de la Semana de la Pyme 2019, Sercotec abre sus postulaciones para la \u201cSelecci\u00f3n Nacional de Pymes\u201d, concurso que elegir\u00e1 a las mejores 11&#8230; <a class=\"read-more\" href=\"https:\/\/www.radiopresidenteibanez.cl\/web\/se-abren-las-postulaciones-para-ser-parte-de-la-seleccion-nacional-de-las-pymes\/\">Leer m\u00e1s<\/a><\/p>\n","protected":false},"author":2,"featured_media":6212,"comment_status":"closed","ping_status":"closed","sticky":false,"template":"","format":"standard","meta":{"footnotes":""},"categories":[1],"tags":[],"class_list":["post-6211","post","type-post","status-publish","format-standard","has-post-thumbnail","hentry","category-cronica"],"_links":{"self":[{"href":"https:\/\/www.radiopresidenteibanez.cl\/web\/wp-json\/wp\/v2\/posts\/6211","targetHints":{"allow":["GET"]}}],"collection":[{"href":"https:\/\/www.radiopresidenteibanez.cl\/web\/wp-json\/wp\/v2\/posts"}],"about":[{"href":"https:\/\/www.radiopresidenteibanez.cl\/web\/wp-json\/wp\/v2\/types\/post"}],"author":[{"embeddable":true,"href":"https:\/\/www.radiopresidenteibanez.cl\/web\/wp-json\/wp\/v2\/users\/2"}],"replies":[{"embeddable":true,"href":"https:\/\/www.radiopresidenteibanez.cl\/web\/wp-json\/wp\/v2\/comments?post=6211"}],"version-history":[{"count":0,"href":"https:\/\/www.radiopresidenteibanez.cl\/web\/wp-json\/wp\/v2\/posts\/6211\/revisions"}],"wp:featuredmedia":[{"embeddable":true,"href":"https:\/\/www.radiopresidenteibanez.cl\/web\/wp-json\/wp\/v2\/media\/6212"}],"wp:attachment":[{"href":"https:\/\/www.radiopresidenteibanez.cl\/web\/wp-json\/wp\/v2\/media?parent=6211"}],"wp:term":[{"taxonomy":"category","embeddable":true,"href":"https:\/\/www.radiopresidenteibanez.cl\/web\/wp-json\/wp\/v2\/categories?post=6211"},{"taxonomy":"post_tag","embeddable":true,"href":"https:\/\/www.radiopresidenteibanez.cl\/web\/wp-json\/wp\/v2\/tags?post=6211"}],"curies":[{"name":"wp","href":"https:\/\/api.w.org\/{rel}","templated":true}]}}