{"id":62108,"date":"2026-01-30T12:39:00","date_gmt":"2026-01-30T15:39:00","guid":{"rendered":"https:\/\/www.radiopresidenteibanez.cl\/web\/?p=62108"},"modified":"2026-01-30T10:54:19","modified_gmt":"2026-01-30T13:54:19","slug":"inauguran-equipamiento-cientifico-del-laboratorio-de-marea-roja-chic-en-cabo-de-hornos","status":"publish","type":"post","link":"https:\/\/www.radiopresidenteibanez.cl\/web\/inauguran-equipamiento-cientifico-del-laboratorio-de-marea-roja-chic-en-cabo-de-hornos\/","title":{"rendered":"Inauguran Equipamiento Cient\u00edfico del Laboratorio de Marea Roja CHIC en Cabo de Hornos"},"content":{"rendered":"\n<p>Un importante hito para la comuna de Cabo de Hornos se dio con la inauguraci\u00f3n del Equipamiento Cient\u00edfico del Laboratorio de Marea Roja del Centro Internacional Cabo de Hornos (CHIC), presente en las dependencias del Centro Subant\u00e1rtico Cabo de Hornos, de la Universidad de Magallanes (UMAG), en Puerto Williams.<\/p>\n\n\n\n<p>En una ceremonia realizada junto a autoridades provinciales, universitarias, investigadores y la comunidad local, se dio cuenta del equipamiento instalado, sus aplicaciones cient\u00edficas y el trabajo que el CHIC ha desarrollado para mejorar la vigilancia y respuesta frente a eventos de marea roja en la zona.<\/p>\n\n\n\n<p>El Dr. M\u00e1ximo Frangopulos Rivera, investigador UMAG y director alterno CHIC, e investigador adjunto del Instituto Milenio BASE, destac\u00f3 el gran valor del acontecimiento, siendo un significativo paso para fortalecer las capacidades locales en investigaci\u00f3n y monitoreo de floraciones algales nocivas (FAN) en la regi\u00f3n subant\u00e1rtica.<\/p>\n\n\n\n<p>\u201cPor fin se visibiliza y se da sentido de pertenencia a Cabo de Hornos, que era la \u00fanica comuna sin un laboratorio de an\u00e1lisis de toxinas. Es un derecho que tiene la comunidad hacia el futuro volver a la extracci\u00f3n de sus recursos naturales de manera segura. Eso es lo que ganamos con esto, es un trabajo de mucho tiempo, de investigadores, entidades p\u00fablicas y privadas, el CHIC y la UMAG, hace justicia con la comuna de Cabo de Hornos, porque hab\u00edan sido postergados. Por ejemplo, cuando sacaban mariscos deb\u00edan enviar las muestras a Punta Arenas para su an\u00e1lisis, dilat\u00e1ndose sus tiempos y plazos\u201d, se\u00f1al\u00f3.<\/p>\n\n\n\n<p>Como encargada de este laboratorio, se encuentra Vanessa Monge Carrillanca, bi\u00f3loga e investigadora mag\u00edster \u00a9 CHIC e Instituto Milenio BASE, detall\u00f3 que el espacio ya se utiliza a nivel investigativo. Adem\u00e1s, entreg\u00f3 detalles de su equipamiento y funcionamiento.<\/p>\n\n\n\n<p>\u201cContamos actualmente en nuestras instalaciones con un equipo HPLC, el cual es un cromat\u00f3grafo l\u00edquido de alta resoluci\u00f3n acoplado a detectores de arreglo de diodos y fluorescencia, m\u00e1s equipamientos perif\u00e9ricos utilizados para la preparaci\u00f3n de reactivos y muestras. Este equipamiento permite realizar la detecci\u00f3n de toxinas amn\u00e9sicas y paralizantes\u201d, coment\u00f3.<\/p>\n\n\n\n<p>De momento, Monge y Frangopulos resaltan la instancia como el puntapi\u00e9 inicial de un proceso de largo aliento, orientado no solo a fortalecer la capacidad local para enfrentar eventos de marea roja en Cabo de Hornos, sino tambi\u00e9n a avanzar hacia la acreditaci\u00f3n formal del laboratorio. Este camino busca que el espacio sea reconocido por la autoridad sanitaria, bajo est\u00e1ndares t\u00e9cnicos y de calidad, mediante un trabajo cooperativo ya en marcha con las instituciones competentes. En el mediano y largo plazo, esta iniciativa apunta a otorgar mayor autonom\u00eda en materia de salud p\u00fablica a la comuna m\u00e1s austral del mundo.<\/p>\n\n\n\n<p>Cabe destacar que en la ceremonia estuvo presente la delegada Presidencial Provincial Ant\u00e1rtica, Constanza Calisto; Carlos Mart\u00edn, encargado oficina provincial de la Seremi de Salud, el alcalde de Cabo de Hornos, Patricio Fern\u00e1ndez, la directora del Campus Universitario Cabo de Hornos UMAG, Francisca Massardo y representantes de la Asociaci\u00f3n Gremial de Pescadores y Armadores Artesanales de Puerto Williams.<\/p>\n","protected":false},"excerpt":{"rendered":"<p>Un importante hito para la comuna de Cabo de Hornos se dio con la inauguraci\u00f3n del Equipamiento Cient\u00edfico del Laboratorio de Marea Roja del Centro Internacional Cabo de Hornos (CHIC),&#8230; <a class=\"read-more\" href=\"https:\/\/www.radiopresidenteibanez.cl\/web\/inauguran-equipamiento-cientifico-del-laboratorio-de-marea-roja-chic-en-cabo-de-hornos\/\">Leer m\u00e1s<\/a><\/p>\n","protected":false},"author":2,"featured_media":62111,"comment_status":"closed","ping_status":"closed","sticky":false,"template":"","format":"standard","meta":{"footnotes":""},"categories":[1],"tags":[],"class_list":["post-62108","post","type-post","status-publish","format-standard","has-post-thumbnail","hentry","category-cronica"],"_links":{"self":[{"href":"https:\/\/www.radiopresidenteibanez.cl\/web\/wp-json\/wp\/v2\/posts\/62108","targetHints":{"allow":["GET"]}}],"collection":[{"href":"https:\/\/www.radiopresidenteibanez.cl\/web\/wp-json\/wp\/v2\/posts"}],"about":[{"href":"https:\/\/www.radiopresidenteibanez.cl\/web\/wp-json\/wp\/v2\/types\/post"}],"author":[{"embeddable":true,"href":"https:\/\/www.radiopresidenteibanez.cl\/web\/wp-json\/wp\/v2\/users\/2"}],"replies":[{"embeddable":true,"href":"https:\/\/www.radiopresidenteibanez.cl\/web\/wp-json\/wp\/v2\/comments?post=62108"}],"version-history":[{"count":1,"href":"https:\/\/www.radiopresidenteibanez.cl\/web\/wp-json\/wp\/v2\/posts\/62108\/revisions"}],"predecessor-version":[{"id":62112,"href":"https:\/\/www.radiopresidenteibanez.cl\/web\/wp-json\/wp\/v2\/posts\/62108\/revisions\/62112"}],"wp:featuredmedia":[{"embeddable":true,"href":"https:\/\/www.radiopresidenteibanez.cl\/web\/wp-json\/wp\/v2\/media\/62111"}],"wp:attachment":[{"href":"https:\/\/www.radiopresidenteibanez.cl\/web\/wp-json\/wp\/v2\/media?parent=62108"}],"wp:term":[{"taxonomy":"category","embeddable":true,"href":"https:\/\/www.radiopresidenteibanez.cl\/web\/wp-json\/wp\/v2\/categories?post=62108"},{"taxonomy":"post_tag","embeddable":true,"href":"https:\/\/www.radiopresidenteibanez.cl\/web\/wp-json\/wp\/v2\/tags?post=62108"}],"curies":[{"name":"wp","href":"https:\/\/api.w.org\/{rel}","templated":true}]}}