{"id":62105,"date":"2026-01-30T11:31:00","date_gmt":"2026-01-30T14:31:00","guid":{"rendered":"https:\/\/www.radiopresidenteibanez.cl\/web\/?p=62105"},"modified":"2026-01-30T10:38:57","modified_gmt":"2026-01-30T13:38:57","slug":"buque-sargento-aldea-recala-en-magallanes-para-cargar-materiales-clave-para-iniciar-construccion-de-muelle-antartico-ejecutado-por-la-dop","status":"publish","type":"post","link":"https:\/\/www.radiopresidenteibanez.cl\/web\/buque-sargento-aldea-recala-en-magallanes-para-cargar-materiales-clave-para-iniciar-construccion-de-muelle-antartico-ejecutado-por-la-dop\/","title":{"rendered":"Buque Sargento Aldea recala en Magallanes para cargar materiales clave para iniciar construcci\u00f3n de muelle ant\u00e1rtico ejecutado por la DOP"},"content":{"rendered":"\n<p>Para realizar la carga estrat\u00e9gica de materiales de construcci\u00f3n destinados a la Ant\u00e1rtica Chilena,<br>el buque multiprop\u00f3sito Sargento Aldea se encuentra en Magallanes, tras recalar en Punta Arenas,<br>en el marco de la Operaci\u00f3n Soberan\u00eda, iniciativa que permite dar inicio a la ejecuci\u00f3n del nuevo<br>muelle en Bah\u00eda Fildes, proyecto a cargo del Ministerio de Obras P\u00fablicas, a trav\u00e9s de la Direcci\u00f3n<br>de Obras Portuarias (DOP).<br>La nave zarp\u00f3 desde la Base Naval de Talcahuano, en una partida encabezada por el Presidente de<br>la Rep\u00fablica, Gabriel Boric, junto a la Ministra de Defensa, Adriana Delpiano, y el Comandante en<br>Jefe de la Armada, almirante Fernando Cabrera, reforzando el car\u00e1cter estrat\u00e9gico y de Estado de<br>esta operaci\u00f3n log\u00edstica.<br>Desde Punta Arenas, principal puerta de entrada chilena al continente blanco, el Sargento Aldea<br>continuar\u00e1 su navegaci\u00f3n hacia Bah\u00eda Fildes, en la isla Rey Jorge, donde se concentrar\u00e1n las<br>labores de descarga y el inicio de las faenas constructivas.<br>Infraestructura estrat\u00e9gica para la Ant\u00e1rtica Chilena<br>El proyecto de infraestructura portuaria en Bah\u00eda Fildes considera una inversi\u00f3n sectorial de<br>$27.806 millones y se ejecutar\u00e1 en tres etapas, ajustadas a las ventanas operativas entre<br>noviembre y marzo, incorporando criterios de ingenier\u00eda extrema y altos est\u00e1ndares ambientales.<br>La primera etapa contempla la construcci\u00f3n de un muelle operativo de 47 metros de largo y 22,5<br>metros de ancho, adem\u00e1s de una explanada de apoyo portuario de 1.600 m\u00b2, dise\u00f1ada para<br>mejorar sustantivamente las capacidades log\u00edsticas, cient\u00edficas y operativas en la zona.<br>El director nacional de Obras Portuarias, Ricardo Trigo, destac\u00f3 el alcance del proyecto y el rol del<br>Estado en territorios extremos: \u201cLa Direcci\u00f3n de Obras Portuarias cumple una misi\u00f3n estrat\u00e9gica<br>donde los privados no llegan. Construir infraestructura portuaria en la Ant\u00e1rtica no es una opci\u00f3n,<br>es una responsabilidad de Estado, y este proyecto refleja el compromiso de la DOP con todo el<br>territorio nacional, incluyendo su dimensi\u00f3n ant\u00e1rtica\u201d.<br>Por su parte, el director regional de Obras Portuarias de Magallanes, Jorge Valdebenito, subray\u00f3 la<br>relevancia de la escala en Punta Arenas: \u201cLa recalada del Sargento Aldea en Magallanes es un hito<br>log\u00edstico fundamental. Desde aqu\u00ed se articula el despliegue de materiales y equipos que permitir\u00e1n<br>iniciar las obras en Bah\u00eda Fildes, consolidando a Punta Arenas como plataforma log\u00edstica clave para<br>la Ant\u00e1rtica\u201d.<\/p>\n\n\n\n<p>Incluyendo el presente viaje, la armada ha trasportado m\u00e1s de 3.000 Toneladas de materiales para<br>la ejecuci\u00f3n del muelle, faenas que se extender\u00e1n hasta marzo del presente a\u00f1o, con el apoyo<br>adicional de los buques de la armada Galvarino y Janequeo, donde se considera el transporte de<br>muros prefabricados de hormig\u00f3n, tablestacas met\u00e1licas (estructuras de acero que conforman la<br>estructura perimetral del muelle a desarrollar), y rellenos granulares para el muelle.<br>Presencia permanente y visi\u00f3n de largo plazo<br>\u201cEl nuevo muelle permitir\u00e1 modernizar las capacidades portuarias chilenas en el continente<br>blanco, fortaleciendo el apoyo a la Armada, Fuerza A\u00e9rea, Instituto Ant\u00e1rtico Chileno (INACH) y a<br>las bases permanentes, adem\u00e1s de mejorar las condiciones de seguridad para las personas que<br>operan en uno de los entornos m\u00e1s exigentes del planeta\u201d, afirm\u00f3 el seremi del MOP Magallanes<br>Jos\u00e9 Luis Hern\u00e1ndez.<br>Las obras se extender\u00e1n hasta marzo de 2028, consolidando a Chile como plataforma log\u00edstica y<br>cient\u00edfica de alcance internacional, y reforzando su presencia geopol\u00edtica en la Ant\u00e1rtica con una<br>visi\u00f3n de Estado de largo plazo.<\/p>\n","protected":false},"excerpt":{"rendered":"<p>Para realizar la carga estrat\u00e9gica de materiales de construcci\u00f3n destinados a la Ant\u00e1rtica Chilena,el buque multiprop\u00f3sito Sargento Aldea se encuentra en Magallanes, tras recalar en Punta Arenas,en el marco de&#8230; <a class=\"read-more\" href=\"https:\/\/www.radiopresidenteibanez.cl\/web\/buque-sargento-aldea-recala-en-magallanes-para-cargar-materiales-clave-para-iniciar-construccion-de-muelle-antartico-ejecutado-por-la-dop\/\">Leer m\u00e1s<\/a><\/p>\n","protected":false},"author":2,"featured_media":62106,"comment_status":"closed","ping_status":"closed","sticky":false,"template":"","format":"standard","meta":{"footnotes":""},"categories":[1],"tags":[],"class_list":["post-62105","post","type-post","status-publish","format-standard","has-post-thumbnail","hentry","category-cronica"],"_links":{"self":[{"href":"https:\/\/www.radiopresidenteibanez.cl\/web\/wp-json\/wp\/v2\/posts\/62105","targetHints":{"allow":["GET"]}}],"collection":[{"href":"https:\/\/www.radiopresidenteibanez.cl\/web\/wp-json\/wp\/v2\/posts"}],"about":[{"href":"https:\/\/www.radiopresidenteibanez.cl\/web\/wp-json\/wp\/v2\/types\/post"}],"author":[{"embeddable":true,"href":"https:\/\/www.radiopresidenteibanez.cl\/web\/wp-json\/wp\/v2\/users\/2"}],"replies":[{"embeddable":true,"href":"https:\/\/www.radiopresidenteibanez.cl\/web\/wp-json\/wp\/v2\/comments?post=62105"}],"version-history":[{"count":1,"href":"https:\/\/www.radiopresidenteibanez.cl\/web\/wp-json\/wp\/v2\/posts\/62105\/revisions"}],"predecessor-version":[{"id":62107,"href":"https:\/\/www.radiopresidenteibanez.cl\/web\/wp-json\/wp\/v2\/posts\/62105\/revisions\/62107"}],"wp:featuredmedia":[{"embeddable":true,"href":"https:\/\/www.radiopresidenteibanez.cl\/web\/wp-json\/wp\/v2\/media\/62106"}],"wp:attachment":[{"href":"https:\/\/www.radiopresidenteibanez.cl\/web\/wp-json\/wp\/v2\/media?parent=62105"}],"wp:term":[{"taxonomy":"category","embeddable":true,"href":"https:\/\/www.radiopresidenteibanez.cl\/web\/wp-json\/wp\/v2\/categories?post=62105"},{"taxonomy":"post_tag","embeddable":true,"href":"https:\/\/www.radiopresidenteibanez.cl\/web\/wp-json\/wp\/v2\/tags?post=62105"}],"curies":[{"name":"wp","href":"https:\/\/api.w.org\/{rel}","templated":true}]}}