{"id":62102,"date":"2026-01-30T10:25:56","date_gmt":"2026-01-30T13:25:56","guid":{"rendered":"https:\/\/www.radiopresidenteibanez.cl\/web\/?p=62102"},"modified":"2026-01-30T10:25:58","modified_gmt":"2026-01-30T13:25:58","slug":"lanzan-edicion-especial-de-tarjetas-de-transporte-en-homenaje-a-gabriela-mistral","status":"publish","type":"post","link":"https:\/\/www.radiopresidenteibanez.cl\/web\/lanzan-edicion-especial-de-tarjetas-de-transporte-en-homenaje-a-gabriela-mistral\/","title":{"rendered":"Lanzan edici\u00f3n especial de tarjetas de transporte en homenaje a Gabriela Mistral"},"content":{"rendered":"\n<p>El a\u00f1o 2025 se cumplieron 80 a\u00f1os desde que Gabriela Mistral<br>recibi\u00f3 el Premio Nobel de Literatura. Para conmemorar este hito hist\u00f3rico y su v\u00ednculo con<br>Punta Arenas, el Ministerio de Transportes y Telecomunicaciones (MTT) en colaboraci\u00f3n<br>con la empresa operadora del pago electr\u00f3nico en Punta Arenas Bipay, crearon una edici\u00f3n<br>especial limitada de 1.000 tarjetas de transporte con la imagen de la poeta.<br>Junto con ello, realizaron un concurso de trivia para sortear 10 tarjetas, que estar\u00e1<br>disponible una semana completa en las redes sociales de la Divisi\u00f3n de Transporte P\u00fablico<br>Regional @dtpregional, desde el mi\u00e9rcoles 28 de enero hasta el mi\u00e9rcoles 4 de febrero. Las<br>10 primeras respuestas correctas recibir\u00e1n de regalo una de las tarjetas que ser\u00e1n<br>entregadas por la seremitt.<br>La tarjeta edici\u00f3n de especial puede adquirirse en el Centro de Atenci\u00f3n al Usuario (CAU)<br>de Punta Arenas, ubicado en Galer\u00eda Roca, local 18, al mismo valor de las tarjetas regulares<br>del sistema: $1.550.<br>El horario de atenci\u00f3n del CAU es de lunes a viernes, de 9:00 a 13:00 horas, y de 14:00 a<br>17:30 horas. Mientras que los d\u00edas s\u00e1bado, los usuarios del sistema podr\u00e1n acercarse entre<br>las 9:30 y las 12:00 horas.<br>Informaci\u00f3n importante para personas mayores<br>Las personas con 65 a\u00f1os o m\u00e1s tambi\u00e9n pueden adquirir esta tarjeta edici\u00f3n especial. Sin<br>embargo, es importante tener en cuenta que el sistema solo permite mantener una tarjeta<br>Persona Mayor activa para hacer uso del beneficio tarifario.<br>Quienes actualmente posean una tarjeta Persona Mayor con saldo y deseen cambiarla por<br>la edici\u00f3n Gabriela Mistral, deber\u00e1n seguir el siguiente procedimiento en el CAU:<\/p>\n\n\n\n<ol class=\"wp-block-list\">\n<li>Solicitar el bloqueo de la tarjeta actual<\/li>\n\n\n\n<li>Adquirir la tarjeta edici\u00f3n especial Gabriela Mistral<\/li>\n\n\n\n<li>Enrolar la nueva tarjeta<\/li>\n\n\n\n<li>Solicitar el traspaso de saldo desde la tarjeta anterior<br>El traspaso de saldo puede demorar hasta 24 horas h\u00e1biles. Los usuarios deber\u00e1n<br>presentar su c\u00e9dula de identidad para realizar el tr\u00e1mite.<br>Esta edici\u00f3n especial representa una oportunidad de rendir homenaje a una de las figuras<br>m\u00e1s importantes de la literatura chilena en el transporte p\u00fablico. Para m\u00e1s informaci\u00f3n, los<br>usuarios pueden comunicarse con el Centro de Atenci\u00f3n al Usuario o seguir las redes<br>sociales de la Divisi\u00f3n de Transporte P\u00fablico Regional.<\/li>\n<\/ol>\n","protected":false},"excerpt":{"rendered":"<p>El a\u00f1o 2025 se cumplieron 80 a\u00f1os desde que Gabriela Mistralrecibi\u00f3 el Premio Nobel de Literatura. Para conmemorar este hito hist\u00f3rico y su v\u00ednculo conPunta Arenas, el Ministerio de Transportes&#8230; <a class=\"read-more\" href=\"https:\/\/www.radiopresidenteibanez.cl\/web\/lanzan-edicion-especial-de-tarjetas-de-transporte-en-homenaje-a-gabriela-mistral\/\">Leer m\u00e1s<\/a><\/p>\n","protected":false},"author":2,"featured_media":62103,"comment_status":"closed","ping_status":"closed","sticky":false,"template":"","format":"standard","meta":{"footnotes":""},"categories":[1],"tags":[],"class_list":["post-62102","post","type-post","status-publish","format-standard","has-post-thumbnail","hentry","category-cronica"],"_links":{"self":[{"href":"https:\/\/www.radiopresidenteibanez.cl\/web\/wp-json\/wp\/v2\/posts\/62102","targetHints":{"allow":["GET"]}}],"collection":[{"href":"https:\/\/www.radiopresidenteibanez.cl\/web\/wp-json\/wp\/v2\/posts"}],"about":[{"href":"https:\/\/www.radiopresidenteibanez.cl\/web\/wp-json\/wp\/v2\/types\/post"}],"author":[{"embeddable":true,"href":"https:\/\/www.radiopresidenteibanez.cl\/web\/wp-json\/wp\/v2\/users\/2"}],"replies":[{"embeddable":true,"href":"https:\/\/www.radiopresidenteibanez.cl\/web\/wp-json\/wp\/v2\/comments?post=62102"}],"version-history":[{"count":1,"href":"https:\/\/www.radiopresidenteibanez.cl\/web\/wp-json\/wp\/v2\/posts\/62102\/revisions"}],"predecessor-version":[{"id":62104,"href":"https:\/\/www.radiopresidenteibanez.cl\/web\/wp-json\/wp\/v2\/posts\/62102\/revisions\/62104"}],"wp:featuredmedia":[{"embeddable":true,"href":"https:\/\/www.radiopresidenteibanez.cl\/web\/wp-json\/wp\/v2\/media\/62103"}],"wp:attachment":[{"href":"https:\/\/www.radiopresidenteibanez.cl\/web\/wp-json\/wp\/v2\/media?parent=62102"}],"wp:term":[{"taxonomy":"category","embeddable":true,"href":"https:\/\/www.radiopresidenteibanez.cl\/web\/wp-json\/wp\/v2\/categories?post=62102"},{"taxonomy":"post_tag","embeddable":true,"href":"https:\/\/www.radiopresidenteibanez.cl\/web\/wp-json\/wp\/v2\/tags?post=62102"}],"curies":[{"name":"wp","href":"https:\/\/api.w.org\/{rel}","templated":true}]}}