{"id":62097,"date":"2026-01-30T09:25:04","date_gmt":"2026-01-30T12:25:04","guid":{"rendered":"https:\/\/www.radiopresidenteibanez.cl\/web\/?p=62097"},"modified":"2026-01-30T09:25:05","modified_gmt":"2026-01-30T12:25:05","slug":"comision-de-evaluacion-ambiental-aprobo-primer-parque-eolico-de-magallanes","status":"publish","type":"post","link":"https:\/\/www.radiopresidenteibanez.cl\/web\/comision-de-evaluacion-ambiental-aprobo-primer-parque-eolico-de-magallanes\/","title":{"rendered":"Comisi\u00f3n de Evaluaci\u00f3n Ambiental aprob\u00f3 primer parque e\u00f3lico de Magallanes"},"content":{"rendered":"\n<p>Este jueves, sesion\u00f3 la Comisi\u00f3n de Evaluaci\u00f3n Ambiental, oportunidad en que se<br>aprob\u00f3 en forma un\u00e1nime el proyecto Parque E\u00f3lico Faro del Sur de la empresa<br>HIF. La iniciativa ingres\u00f3 a Evaluaci\u00f3n Ambiental en diciembre del 2023 y fue<br>evaluada en enero de 2024 por los Organismos de la Administraci\u00f3n del Estado<br>con Competencia Ambiental (OAECAS). Las observaciones permitieron al titular<br>presentar modificaciones a la disposici\u00f3n de los residuos, fortalecer las medidas<br>para disminuir los riesgos de colisi\u00f3n de aves, complementar proceso de<br>participaci\u00f3n ciudadana por modificaciones en el dise\u00f1o del proyecto, adem\u00e1s de<br>generar una sinergia en la evaluaci\u00f3n de componentes del Proyecto EIA Planta de<br>Combustible Carbono Neutral Cabo Negro.<br>El Delegado Presidencial Regional, Jos\u00e9 Ruiz Pivcevic, celebr\u00f3 la aprobaci\u00f3n<br>se\u00f1alando que \u201cen nuestra regi\u00f3n se vivi\u00f3 una importante jornada, despu\u00e9s de una<br>extensa presentaci\u00f3n se dio por aprobado en forma un\u00e1nime el Informe<br>Consolidado y el Estudio de Impacto Ambiental del Proyecto Parque E\u00f3lico Faro<br>del Sur. Es una muestra de las certezas que da nuestro pa\u00eds y nuestra regi\u00f3n a<br>una industria como esta. En el Gobierno del Presidente Gabriel Boric Font hemos<br>trabajado intensamente en el buen desarrollo de esta industria, tambi\u00e9n se da<br>cuenta de que cuando una empresa desarrolla el trabajo en forma adecuada,<br>dando respuestas a las distintas observaciones que se levantan de la ciudadan\u00eda,<br>se logran resultados como este\u201d.<br>Al respecto, el Seremi del Medio Ambiente, Enrique Rebolledo Toro detall\u00f3 que<br>\u201choy estamos aprobando el primer parque e\u00f3lico de Magallanes que viene a<br>cambiar la forma en que producimos energ\u00eda en la regi\u00f3n, con la instalaci\u00f3n de 62<br>aerogeneradores con una potencia nominal de 372 mw. Durante estos cuatro<br>a\u00f1os, nuestro Gobierno desarroll\u00f3 el Plan de Acci\u00f3n de Hidr\u00f3geno Verde al 2030<br>que entreg\u00f3 certezas regulatorias, identific\u00f3 las brechas y comenz\u00f3 a trabajar en<br>generar la infraestructura necesaria para que la industria funcione. A trav\u00e9s del<br>Programa Desarrollo Productivo Sostenible, reforzamos los equipos de evaluaci\u00f3n<br>ambiental, incorporando a 15 nuevos profesionales que permitieron que hoy, ya se<br>encuentren aprobados el Parque e\u00f3lico Faro del Sur y la Planta de e-combustibles<br>de Cabo Negro, ambos proyectos estar\u00e1n conectados a trav\u00e9s de una l\u00ednea de<br>transmisi\u00f3n de 12,274 km\u201d.<br>Por su parte, Juan Eduardo Gallardo, Gerente de HIF Magallanes destac\u00f3 el<br>trabajo colaborativo del proyecto. \u201cFueron tres a\u00f1os de juntarnos, de muchas<\/p>\n\n\n\n<p>reuniones y de ir mejorando el proyecto que entr\u00f3 (a Evaluaci\u00f3n Ambiental). Yo les<br>puedo decir que este es el proyecto de m\u00e1s alta tecnolog\u00eda en Chile en cuanto a<br>un proyecto e\u00f3lico, por lo que fuimos incluyendo en esas conversaciones, tanto<br>con las autoridades, como con el di\u00e1logo con la ciudadan\u00eda\u201d.<br>El proyecto consiste en la construcci\u00f3n y operaci\u00f3n de un parque e\u00f3lico y una<br>l\u00ednea de transmisi\u00f3n el\u00e9ctrica que permitir\u00e1 aprovechar el recurso e\u00f3lico para<br>generar energ\u00eda, conformado por 62 aerogeneradores de tres aspas y con una<br>potencia nominal de 372 Megawatt. La energ\u00eda el\u00e9ctrica debe ser transmitida en<br>110 kV, por lo cual el Proyecto requiere la construcci\u00f3n de una Subestaci\u00f3n<br>elevadora, que aumente la tensi\u00f3n desde los 33kV hasta los 110 kV y una<br>Subestaci\u00f3n reductora, la cual reducir\u00e1 la tensi\u00f3n desde los 110 kV hasta los 33kv.<br>Lo anterior se realiza a trav\u00e9s de la l\u00ednea de transmisi\u00f3n el\u00e9ctrica (LTE) de 12,048<br>km soterrado.<\/p>\n","protected":false},"excerpt":{"rendered":"<p>Este jueves, sesion\u00f3 la Comisi\u00f3n de Evaluaci\u00f3n Ambiental, oportunidad en que seaprob\u00f3 en forma un\u00e1nime el proyecto Parque E\u00f3lico Faro del Sur de la empresaHIF. La iniciativa ingres\u00f3 a Evaluaci\u00f3n&#8230; <a class=\"read-more\" href=\"https:\/\/www.radiopresidenteibanez.cl\/web\/comision-de-evaluacion-ambiental-aprobo-primer-parque-eolico-de-magallanes\/\">Leer m\u00e1s<\/a><\/p>\n","protected":false},"author":2,"featured_media":62098,"comment_status":"closed","ping_status":"closed","sticky":false,"template":"","format":"standard","meta":{"footnotes":""},"categories":[1],"tags":[],"class_list":["post-62097","post","type-post","status-publish","format-standard","has-post-thumbnail","hentry","category-cronica"],"_links":{"self":[{"href":"https:\/\/www.radiopresidenteibanez.cl\/web\/wp-json\/wp\/v2\/posts\/62097","targetHints":{"allow":["GET"]}}],"collection":[{"href":"https:\/\/www.radiopresidenteibanez.cl\/web\/wp-json\/wp\/v2\/posts"}],"about":[{"href":"https:\/\/www.radiopresidenteibanez.cl\/web\/wp-json\/wp\/v2\/types\/post"}],"author":[{"embeddable":true,"href":"https:\/\/www.radiopresidenteibanez.cl\/web\/wp-json\/wp\/v2\/users\/2"}],"replies":[{"embeddable":true,"href":"https:\/\/www.radiopresidenteibanez.cl\/web\/wp-json\/wp\/v2\/comments?post=62097"}],"version-history":[{"count":1,"href":"https:\/\/www.radiopresidenteibanez.cl\/web\/wp-json\/wp\/v2\/posts\/62097\/revisions"}],"predecessor-version":[{"id":62099,"href":"https:\/\/www.radiopresidenteibanez.cl\/web\/wp-json\/wp\/v2\/posts\/62097\/revisions\/62099"}],"wp:featuredmedia":[{"embeddable":true,"href":"https:\/\/www.radiopresidenteibanez.cl\/web\/wp-json\/wp\/v2\/media\/62098"}],"wp:attachment":[{"href":"https:\/\/www.radiopresidenteibanez.cl\/web\/wp-json\/wp\/v2\/media?parent=62097"}],"wp:term":[{"taxonomy":"category","embeddable":true,"href":"https:\/\/www.radiopresidenteibanez.cl\/web\/wp-json\/wp\/v2\/categories?post=62097"},{"taxonomy":"post_tag","embeddable":true,"href":"https:\/\/www.radiopresidenteibanez.cl\/web\/wp-json\/wp\/v2\/tags?post=62097"}],"curies":[{"name":"wp","href":"https:\/\/api.w.org\/{rel}","templated":true}]}}