{"id":62092,"date":"2026-01-29T18:51:00","date_gmt":"2026-01-29T21:51:00","guid":{"rendered":"https:\/\/www.radiopresidenteibanez.cl\/web\/?p=62092"},"modified":"2026-01-29T12:05:09","modified_gmt":"2026-01-29T15:05:09","slug":"la-fragilidad-del-estrecho-de-magallanes","status":"publish","type":"post","link":"https:\/\/www.radiopresidenteibanez.cl\/web\/la-fragilidad-del-estrecho-de-magallanes\/","title":{"rendered":"La fragilidad del Estrecho de Magallanes"},"content":{"rendered":"\n<p>Un estudio realizado por el&nbsp;<a href=\"https:\/\/lef.umag.cl\/proyectos\/\" target=\"_blank\" rel=\"noreferrer noopener\">Laboratorio de Ecolog\u00eda Funcional de la Universidad de Magallanes<\/a>&nbsp;(UMAG), y el&nbsp;<a href=\"https:\/\/cadic.conicet.gov.ar\/\" target=\"_blank\" rel=\"noreferrer noopener\">Centro Austral de Investigaciones Cient\u00edficas del Consejo Nacional de Investigaciones Cient\u00edficas y T\u00e9cnicas<\/a>&nbsp;de Argentina (CADIC-CONICET), acaba de ser publicado en Oikos, una de las revistas m\u00e1s prestigiosas en ecolog\u00eda y medio ambiente.<\/p>\n\n\n\n<p>Este trabajo, titulado \u201c<a href=\"https:\/\/nsojournals.onlinelibrary.wiley.com\/doi\/epdf\/10.1002\/oik.11711\" target=\"_blank\" rel=\"noreferrer noopener\">Marine Trophic Architecture and Hidden Ecological Connections in the Strait of Magellan: Keystone Species and Ecosystem Resilience<\/a>\u201d, ha revelado los secretos de la \u00abarquitectura\u00bb marina del Estrecho de Magallanes, un pasaje estrat\u00e9gico que conecta los oc\u00e9anos Pac\u00edfico y Atl\u00e1ntico. A trav\u00e9s de un an\u00e1lisis de redes alimentarias \u2014una especie de mapa detallado que muestra \u00abqui\u00e9n se come a qui\u00e9n\u00bb\u2014 los cient\u00edficos han identificado a los verdaderos pilares que sostienen la vida en estas aguas subant\u00e1rticas.<\/p>\n\n\n\n<p>Para entender la salud del Estrecho, el equipo liderado por la Dra. Claudia Andrade D\u00edaz, y formado por Taryn Sep\u00falveda, Crist\u00f3bal Rivera, Cristian Aldea y Tom\u00e1s I. Marina, analiz\u00f3 438 interacciones entre 139 especies, desde diminutos organismos hasta grandes ballenas. El estudio describe que el sistema funciona como un \u00abpatr\u00f3n de mundo peque\u00f1o\u00bb, lo que significa que, al igual que en las redes sociales humanas, las especies est\u00e1n separadas por muy pocas interacciones.<\/p>\n\n\n\n<p>Si bien esto permite que la energ\u00eda fluya, tambi\u00e9n merece atenci\u00f3n: \u00absugiere que las perturbaciones locales podr\u00edan propagarse r\u00e1pidamente\u00bb a trav\u00e9s de todo el ecosistema. En t\u00e9rminos simples, si en un rinc\u00f3n del Estrecho, algo afecta a una especie ampliamente conectada, o a alguna de las especies determinadas clave en esta red alimentaria, el impacto podr\u00eda sentirse en todo el sistema, mucho m\u00e1s r\u00e1pido de lo esperado.<\/p>\n\n\n\n<h3 class=\"wp-block-heading\">Una red compleja y delicada<\/h3>\n\n\n\n<p>Aunque solemos pensar en los grandes depredadores como los m\u00e1s importantes, la investigaci\u00f3n destaca a especies menos \u00abcarism\u00e1ticas\u00bb pero fundamentales. Seg\u00fan el \u00cdndice de Especies Clave (KSI, por sus siglas en ingl\u00e9s), los poliquetos (gusanos marinos), la sardina fueguina (<em>Sprattus fuegensis<\/em>) y el r\u00f3balo patag\u00f3nico (<em>Eleginops maclovinus<\/em>) \u00abact\u00faan como conductos centrales para el flujo de materia y energ\u00eda\u00bb.<\/p>\n\n\n\n<p>Estas especies funcionan como puentes que conectan la producci\u00f3n de energ\u00eda del fondo marino (bentos) con la de las aguas abiertas (pel\u00e1gica). El r\u00f3balo patag\u00f3nico, por ejemplo, es descrito como un \u00abconector de m\u00f3dulos\u00bb, una especie de nodo central que mantiene la coherencia de toda la red. Su desaparici\u00f3n no s\u00f3lo afectar\u00eda a la pesca artesanal, sino que podr\u00eda causar una \u00abcascada tr\u00f3fica\u00bb, es decir, un efecto domin\u00f3 donde todo el equilibrio se rompe porque falta un eslab\u00f3n clave.<\/p>\n\n\n\n<p>El estudio advierte sobre las m\u00faltiples amenazas que enfrenta esta ruta mar\u00edtima de manera simult\u00e1nea, poniendo en riesgo un sistema cuya \u00abarquitectura de red tr\u00f3fica\u00bb (tr\u00f3fica: conjunto de cadenas alimentarias interconectadas en un ecosistema) ha emergido y se ha estructurado bajo condiciones de alta variabilidad ambiental.<\/p>\n\n\n\n<h3 class=\"wp-block-heading\">Amenazas en el horizonte<\/h3>\n\n\n\n<p>Una de las mencionadas habla de la pesca no regulada. Si bien existen pesquer\u00edas artesanales esenciales, subraya que muchas \u00abcarecen de una gesti\u00f3n formal o de salvaguardias reglamentarias\u00bb, lo que aumenta el riesgo de sobreexplotaci\u00f3n. El peligro no es s\u00f3lo la disminuci\u00f3n de biomasa, sino el impacto en especies que act\u00faan como \u00abconectores\u00bb del sistema, tales como el R\u00f3balo patag\u00f3nico -cuya poblaci\u00f3n ha declinado- y la Sardina fueguina, acerca de la cual existe una preocupante \u00abfalta de datos actuales sobre sus tendencias poblacionales\u00bb, lo que impide una gesti\u00f3n segura.<\/p>\n\n\n\n<p>Otra amenaza que aparece en el art\u00edculo es la expansi\u00f3n de la acuicultura, que ha provocado escapes de especies no nativas, como el salm\u00f3n del Atl\u00e1ntico y las truchas del g\u00e9nero&nbsp;<em>Oncorhynchus<\/em>. Dado que ocupan posiciones altas en la cadena alimentaria, estos invasores podr\u00edan ejercer control sobre las presas nativas, adem\u00e1s de alterar las redes tr\u00f3ficas mediante la competencia por alimento, y el desplazamiento de h\u00e1bitat de especies locales como el r\u00f3balo y el pez roca.<\/p>\n\n\n\n<p>El estudio tambi\u00e9n destaca la significativa acumulaci\u00f3n de desechos en la costa, confirmada por la detecci\u00f3n de micropl\u00e1sticos en especies clave, como lapas, centollas y r\u00f3balos. Esto provoca un efecto domin\u00f3, pues los contaminantes ingeridos por estos organismos se propagan a trav\u00e9s de la red, \u00abdisminuyendo la calidad nutricional de las presas\u00bb y transfiriendo t\u00f3xicos a los grandes depredadores, lo que aumenta la probabilidad de \u00abextinciones secundarias\u00bb.<\/p>\n\n\n\n<p>Igualmente, el equipo cient\u00edfico aludi\u00f3 al desarrollo de la industria del hidr\u00f3geno y del amoniaco en la regi\u00f3n de Magallanes. M\u00e1s all\u00e1 de la oportunidad econ\u00f3mica que representa, el art\u00edculo afirma que presenta un riesgo f\u00edsico emergente: las descargas de salmuera de las plantas desalinizadoras. El cambio en la salinidad afecta, directamente, a especies fisiol\u00f3gicamente sensibles, y en un sistema donde todo est\u00e1 muy conectado, el impacto indirecto podr\u00eda inducir alteraciones negativas en la red.<\/p>\n\n\n\n<p>Por \u00faltimo, el calentamiento global, la acidificaci\u00f3n y el agotamiento del ox\u00edgeno son presiones sist\u00e9micas que afectan, especialmente, a los poliquetos (gusanos marinos), que representan hasta el 60% de la biomasa del fondo marino. Por vulnerabilidad t\u00e9rmica, las alteraciones en la temperatura y el sedimento pueden perjudicar su eficiencia alimentaria y supervivencia. Y por fragilidad estructural, la baja conectividad del Estrecho podr\u00eda llevar al sistema a un \u00abpunto de inflexi\u00f3n\u00bb, donde el aumento simult\u00e1neo de temperatura e invasiones supere la capacidad de la red para absorber da\u00f1os, provocando un colapso.<\/p>\n\n\n\n<p>La conclusi\u00f3n de las y los cient\u00edficos es clara: El Estrecho funciona como una red de pesca hecha de unos pocos hilos cr\u00edticos: mientras esas conexiones clave se mantengan, el sistema conserva su funcionamiento. Sin embargo, la p\u00e9rdida de esos hilos (especies centrales) puede comprometer la integridad de toda la red y su capacidad de sostener la vida. Por ello, la Dra. Andrade afirma que \u201cse deben equilibrar los esfuerzos de conservaci\u00f3n entre especies simp\u00e1ticas, y aqu\u00e9llas que pasan inadvertidas, pero que tienen un rol ecosist\u00e9mico primordial. La gesti\u00f3n ambiental debe basarse en la resiliencia del ecosistema, es decir, su capacidad para recuperarse tras un da\u00f1o\u201d.<\/p>\n","protected":false},"excerpt":{"rendered":"<p>Un estudio realizado por el&nbsp;Laboratorio de Ecolog\u00eda Funcional de la Universidad de Magallanes&nbsp;(UMAG), y el&nbsp;Centro Austral de Investigaciones Cient\u00edficas del Consejo Nacional de Investigaciones Cient\u00edficas y T\u00e9cnicas&nbsp;de Argentina (CADIC-CONICET), acaba&#8230; <a class=\"read-more\" href=\"https:\/\/www.radiopresidenteibanez.cl\/web\/la-fragilidad-del-estrecho-de-magallanes\/\">Leer m\u00e1s<\/a><\/p>\n","protected":false},"author":2,"featured_media":62093,"comment_status":"closed","ping_status":"closed","sticky":false,"template":"","format":"standard","meta":{"footnotes":""},"categories":[1],"tags":[],"class_list":["post-62092","post","type-post","status-publish","format-standard","has-post-thumbnail","hentry","category-cronica"],"_links":{"self":[{"href":"https:\/\/www.radiopresidenteibanez.cl\/web\/wp-json\/wp\/v2\/posts\/62092","targetHints":{"allow":["GET"]}}],"collection":[{"href":"https:\/\/www.radiopresidenteibanez.cl\/web\/wp-json\/wp\/v2\/posts"}],"about":[{"href":"https:\/\/www.radiopresidenteibanez.cl\/web\/wp-json\/wp\/v2\/types\/post"}],"author":[{"embeddable":true,"href":"https:\/\/www.radiopresidenteibanez.cl\/web\/wp-json\/wp\/v2\/users\/2"}],"replies":[{"embeddable":true,"href":"https:\/\/www.radiopresidenteibanez.cl\/web\/wp-json\/wp\/v2\/comments?post=62092"}],"version-history":[{"count":1,"href":"https:\/\/www.radiopresidenteibanez.cl\/web\/wp-json\/wp\/v2\/posts\/62092\/revisions"}],"predecessor-version":[{"id":62094,"href":"https:\/\/www.radiopresidenteibanez.cl\/web\/wp-json\/wp\/v2\/posts\/62092\/revisions\/62094"}],"wp:featuredmedia":[{"embeddable":true,"href":"https:\/\/www.radiopresidenteibanez.cl\/web\/wp-json\/wp\/v2\/media\/62093"}],"wp:attachment":[{"href":"https:\/\/www.radiopresidenteibanez.cl\/web\/wp-json\/wp\/v2\/media?parent=62092"}],"wp:term":[{"taxonomy":"category","embeddable":true,"href":"https:\/\/www.radiopresidenteibanez.cl\/web\/wp-json\/wp\/v2\/categories?post=62092"},{"taxonomy":"post_tag","embeddable":true,"href":"https:\/\/www.radiopresidenteibanez.cl\/web\/wp-json\/wp\/v2\/tags?post=62092"}],"curies":[{"name":"wp","href":"https:\/\/api.w.org\/{rel}","templated":true}]}}