{"id":62089,"date":"2026-01-29T17:48:00","date_gmt":"2026-01-29T20:48:00","guid":{"rendered":"https:\/\/www.radiopresidenteibanez.cl\/web\/?p=62089"},"modified":"2026-01-29T11:50:36","modified_gmt":"2026-01-29T14:50:36","slug":"la-ciudad-de-los-vientos-tiene-un-36-de-avance-en-el-plan-urbano-habitacional-de-punta-arenas","status":"publish","type":"post","link":"https:\/\/www.radiopresidenteibanez.cl\/web\/la-ciudad-de-los-vientos-tiene-un-36-de-avance-en-el-plan-urbano-habitacional-de-punta-arenas\/","title":{"rendered":"La Ciudad de los Vientos tiene un 36% de avance en el Plan Urbano Habitacional de Punta Arenas"},"content":{"rendered":"\n<p>Autoridades del Ministerio de Vivienda y Urbanismo (Minvu), junto al delegado presidencial&nbsp;<strong>Jos\u00e9 Ruiz Pivcevic<\/strong>, visitaron esta ma\u00f1ana las obras del Plan Urbano Habitacional Ciudad de los Vientos, proyecto que ya alcanza un 36% de avance f\u00edsico y que contempla la construcci\u00f3n de 250 viviendas para familias de sectores emergentes y medios de Punta Arenas.<\/p>\n\n\n\n<p>El proyecto se ejecuta bajo el programa de Integraci\u00f3n Social y Territorial (DS19) y considera una inversi\u00f3n aproximada de $24.200 millones, financiada con aportes del Minvu, las familias beneficiarias y el Gobierno Regional. Las obras, a cargo de Constructora Salfa, se iniciaron en marzo de 2025 y tienen t\u00e9rmino proyectado para marzo de 2027.<\/p>\n\n\n\n<p>El seremi de Vivienda y Urbanismo,&nbsp;<strong>Marco Uribe Saldivia<\/strong>, destac\u00f3 que \u201cCiudad de los Vientos es un proyecto clave dentro del Plan Urbano Habitacional de Punta Arenas, porque no solo entrega viviendas bien localizadas, sino que permite proyectar un nuevo barrio con infraestructura, \u00e1reas verdes y equipamiento, mejorando la calidad de vida de las familias y ordenando el crecimiento de la ciudad\u201d.<\/p>\n\n\n\n<p>La iniciativa contempla la construcci\u00f3n de cuatro condominios de edificios de cuatro pisos, que suman 220 departamentos, adem\u00e1s de 30 viviendas unifamiliares, todas con calefacci\u00f3n central. Cada conjunto considera \u00e1reas verdes, estacionamientos y locales comerciales en los primeros pisos, orientados a apoyar la administraci\u00f3n y el pago de gastos comunes. El proyecto incorpora adem\u00e1s 1.330m\u00b2 de equipamiento deportivo, que incluye una cancha de p\u00e1del, una de voleibol y un circuito de calistenia.<\/p>\n\n\n\n<p>\u00abEste proyecto se enmarca en una planificaci\u00f3n integral del territorio, donde la vivienda se desarrolla en conjunto con la urbanizaci\u00f3n y los servicios necesarios, como establecimientos de educaci\u00f3n, salud y equipamiento deportivo, asegurando condiciones adecuadas de habitabilidad y una correcta inserci\u00f3n urbana del nuevo barrio\u201d, explic\u00f3 el director (s) del SERVIU Magallanes,&nbsp;<strong>Omar Gonz\u00e1lez Asenjo<\/strong>.<\/p>\n\n\n\n<p>El proyecto se desarrolla bajo la modalidad de Integraci\u00f3n Social y Territorial (DS19). Las personas con subsidio vigente ya se encuentran calificadas y ordenadas en un listado seg\u00fan puntaje, y el proceso de formalizaci\u00f3n de la compra se iniciar\u00e1 cuando las obras se encuentren en su etapa final, mediante la presentaci\u00f3n del certificado de subsidio y, cuando corresponda, la aprobaci\u00f3n del cr\u00e9dito hipotecario. En caso de no cumplir con los requisitos, el listado avanzar\u00e1 de manera correlativa.<\/p>\n\n\n\n<p><strong>Parque de los Vientos<\/strong><strong><\/strong><\/p>\n\n\n\n<p>Durante la visita, las autoridades informaron que el Parque de los Vientos se encuentra actualmente en etapa de adjudicaci\u00f3n, con su identificaci\u00f3n presupuestaria 2026 en curso. El proyecto sectorial del Ministerio de Vivienda y Urbanismo considera una inversi\u00f3n cercana a $7.900 millones y un plazo de ejecuci\u00f3n de 730 d\u00edas corridos, constituy\u00e9ndose como uno de los principales hitos de espacio p\u00fablico de la comuna.<\/p>\n\n\n\n<p>El parque contempla la construcci\u00f3n de un espacio urbano de dos hect\u00e1reas, con \u00e1reas verdes, senderos peatonales, juegos infantiles, zonas de ejercicio, una laguna urbana y criterios de accesibilidad universal, configur\u00e1ndose como un importante espacio p\u00fablico para el sector surponiente de Punta Arenas.<\/p>\n\n\n\n<p><strong>Macrourbanizaci\u00f3n<\/strong><strong><\/strong><\/p>\n\n\n\n<p>Asimismo, se inform\u00f3 sobre el desarrollo de la macrourbanizaci\u00f3n del Plan Urbano Habitacional Ciudad de los Vientos, obra ya adjudicada y protocolizada, que considera una inversi\u00f3n de $25.938 millones, financiada con recursos sectoriales del Minvu, y un plazo de ejecuci\u00f3n hasta diciembre de 2029.<\/p>\n\n\n\n<p>Estas obras contemplan pavimentaci\u00f3n vial y trabajos complementarios, junto con la habilitaci\u00f3n de redes de agua potable, alcantarillado sanitario, aguas lluvias e iluminaci\u00f3n p\u00fablica, distribuidas en tres etapas, permitiendo habilitar progresivamente el territorio donde se emplaza este nuevo desarrollo habitacional.<\/p>\n\n\n\n<p>Finalmente, el delegado presidencial regional, Jos\u00e9 Ruiz Pivcevic, valor\u00f3 el alcance de estas iniciativas se\u00f1alando que \u201cestamos frente a una intervenci\u00f3n urbana de gran escala, que combina vivienda, infraestructura y espacios p\u00fablicos, y que refleja una inversi\u00f3n del Estado orientada a mejorar de manera concreta las condiciones de vida y el desarrollo urbano de Punta Arenas\u201d.<\/p>\n","protected":false},"excerpt":{"rendered":"<p>Autoridades del Ministerio de Vivienda y Urbanismo (Minvu), junto al delegado presidencial&nbsp;Jos\u00e9 Ruiz Pivcevic, visitaron esta ma\u00f1ana las obras del Plan Urbano Habitacional Ciudad de los Vientos, proyecto que ya&#8230; <a class=\"read-more\" href=\"https:\/\/www.radiopresidenteibanez.cl\/web\/la-ciudad-de-los-vientos-tiene-un-36-de-avance-en-el-plan-urbano-habitacional-de-punta-arenas\/\">Leer m\u00e1s<\/a><\/p>\n","protected":false},"author":2,"featured_media":62090,"comment_status":"closed","ping_status":"closed","sticky":false,"template":"","format":"standard","meta":{"footnotes":""},"categories":[1],"tags":[],"class_list":["post-62089","post","type-post","status-publish","format-standard","has-post-thumbnail","hentry","category-cronica"],"_links":{"self":[{"href":"https:\/\/www.radiopresidenteibanez.cl\/web\/wp-json\/wp\/v2\/posts\/62089","targetHints":{"allow":["GET"]}}],"collection":[{"href":"https:\/\/www.radiopresidenteibanez.cl\/web\/wp-json\/wp\/v2\/posts"}],"about":[{"href":"https:\/\/www.radiopresidenteibanez.cl\/web\/wp-json\/wp\/v2\/types\/post"}],"author":[{"embeddable":true,"href":"https:\/\/www.radiopresidenteibanez.cl\/web\/wp-json\/wp\/v2\/users\/2"}],"replies":[{"embeddable":true,"href":"https:\/\/www.radiopresidenteibanez.cl\/web\/wp-json\/wp\/v2\/comments?post=62089"}],"version-history":[{"count":1,"href":"https:\/\/www.radiopresidenteibanez.cl\/web\/wp-json\/wp\/v2\/posts\/62089\/revisions"}],"predecessor-version":[{"id":62091,"href":"https:\/\/www.radiopresidenteibanez.cl\/web\/wp-json\/wp\/v2\/posts\/62089\/revisions\/62091"}],"wp:featuredmedia":[{"embeddable":true,"href":"https:\/\/www.radiopresidenteibanez.cl\/web\/wp-json\/wp\/v2\/media\/62090"}],"wp:attachment":[{"href":"https:\/\/www.radiopresidenteibanez.cl\/web\/wp-json\/wp\/v2\/media?parent=62089"}],"wp:term":[{"taxonomy":"category","embeddable":true,"href":"https:\/\/www.radiopresidenteibanez.cl\/web\/wp-json\/wp\/v2\/categories?post=62089"},{"taxonomy":"post_tag","embeddable":true,"href":"https:\/\/www.radiopresidenteibanez.cl\/web\/wp-json\/wp\/v2\/tags?post=62089"}],"curies":[{"name":"wp","href":"https:\/\/api.w.org\/{rel}","templated":true}]}}