{"id":6208,"date":"2019-08-07T15:06:35","date_gmt":"2019-08-07T15:06:35","guid":{"rendered":"http:\/\/www.radiopresidenteibanez.cl\/web\/?p=6208"},"modified":"2019-08-07T15:06:41","modified_gmt":"2019-08-07T15:06:41","slug":"licitacion-para-la-obra-del-nudo-vial-en-punta-arenas-ya-se-encuentra-publicada-en-mercado-publico","status":"publish","type":"post","link":"https:\/\/www.radiopresidenteibanez.cl\/web\/licitacion-para-la-obra-del-nudo-vial-en-punta-arenas-ya-se-encuentra-publicada-en-mercado-publico\/","title":{"rendered":"LICITACI\u00d3N PARA LA OBRA DEL NUDO VIAL EN PUNTA ARENAS YA SE ENCUENTRA PUBLICADA EN MERCADO P\u00daBLICO"},"content":{"rendered":"\n<p>Hace unos d\u00edas los Consejeros Regionales se pusieron de acuerdo para  enviar una carta al presidente Sebasti\u00e1n Pi\u00f1era, con la finalidad de que se replantee la construcci\u00f3n del nudo vial en la ruta 9 norte, esta iniciativa tambi\u00e9n fue apoyada por algunos concejales de Punta Arenas e incluso parlamentarios de Magallanes.<\/p>\n\n\n\n<p>Pero finalmente esta negatividad podr\u00eda llegar hasta ac\u00e1, debido que el Ministerio de Obras P\u00fablicas \u2013 Direcci\u00f3n de Vialidad, subieron a la plataforma de Mercado P\u00fablico la licitaci\u00f3n del nudo vial y en el caso de que un oferente presente su propuesta, no podr\u00e1 bajarse y de no haber problemas en un mediano plazo se comenzar\u00eda la construcci\u00f3n del paso desnivel.<\/p>\n\n\n\n<p><strong>DESCRIPCI\u00d3N DE LA OBRA\n(MERCADO P\u00daBLICO)<\/strong><\/p>\n\n\n\n<p><em>\u201cEl proyecto considera la mejora del empalme de la Ruta Y-565 con Ruta 9 y Av. Frei, mediante la construcci\u00f3n de un paso superior del tipo viaducto de un largo de 300 m, pavimentos de hormig\u00f3n, proyecto de iluminaci\u00f3n, obras de drenaje y saneamiento, obras de seguridad Vial, Paisajismo y otras obras asociadas\u201d.<\/em><\/p>\n\n\n\n<p>Fuente: Estaci\u00f3n Sur <\/p>\n","protected":false},"excerpt":{"rendered":"<p>Hace unos d\u00edas los Consejeros Regionales se pusieron de acuerdo para enviar una carta al presidente Sebasti\u00e1n Pi\u00f1era, con la finalidad de que se replantee la construcci\u00f3n del nudo vial&#8230; <a class=\"read-more\" href=\"https:\/\/www.radiopresidenteibanez.cl\/web\/licitacion-para-la-obra-del-nudo-vial-en-punta-arenas-ya-se-encuentra-publicada-en-mercado-publico\/\">Leer m\u00e1s<\/a><\/p>\n","protected":false},"author":2,"featured_media":6209,"comment_status":"closed","ping_status":"closed","sticky":false,"template":"","format":"standard","meta":{"footnotes":""},"categories":[1],"tags":[],"class_list":["post-6208","post","type-post","status-publish","format-standard","has-post-thumbnail","hentry","category-cronica"],"_links":{"self":[{"href":"https:\/\/www.radiopresidenteibanez.cl\/web\/wp-json\/wp\/v2\/posts\/6208","targetHints":{"allow":["GET"]}}],"collection":[{"href":"https:\/\/www.radiopresidenteibanez.cl\/web\/wp-json\/wp\/v2\/posts"}],"about":[{"href":"https:\/\/www.radiopresidenteibanez.cl\/web\/wp-json\/wp\/v2\/types\/post"}],"author":[{"embeddable":true,"href":"https:\/\/www.radiopresidenteibanez.cl\/web\/wp-json\/wp\/v2\/users\/2"}],"replies":[{"embeddable":true,"href":"https:\/\/www.radiopresidenteibanez.cl\/web\/wp-json\/wp\/v2\/comments?post=6208"}],"version-history":[{"count":0,"href":"https:\/\/www.radiopresidenteibanez.cl\/web\/wp-json\/wp\/v2\/posts\/6208\/revisions"}],"wp:featuredmedia":[{"embeddable":true,"href":"https:\/\/www.radiopresidenteibanez.cl\/web\/wp-json\/wp\/v2\/media\/6209"}],"wp:attachment":[{"href":"https:\/\/www.radiopresidenteibanez.cl\/web\/wp-json\/wp\/v2\/media?parent=6208"}],"wp:term":[{"taxonomy":"category","embeddable":true,"href":"https:\/\/www.radiopresidenteibanez.cl\/web\/wp-json\/wp\/v2\/categories?post=6208"},{"taxonomy":"post_tag","embeddable":true,"href":"https:\/\/www.radiopresidenteibanez.cl\/web\/wp-json\/wp\/v2\/tags?post=6208"}],"curies":[{"name":"wp","href":"https:\/\/api.w.org\/{rel}","templated":true}]}}