{"id":62079,"date":"2026-01-29T15:07:00","date_gmt":"2026-01-29T18:07:00","guid":{"rendered":"https:\/\/www.radiopresidenteibanez.cl\/web\/?p=62079"},"modified":"2026-01-29T11:36:53","modified_gmt":"2026-01-29T14:36:53","slug":"servicio-de-reinsercion-social-participo-en-primera-plaza-de-la-justicia-del-ano","status":"publish","type":"post","link":"https:\/\/www.radiopresidenteibanez.cl\/web\/servicio-de-reinsercion-social-participo-en-primera-plaza-de-la-justicia-del-ano\/","title":{"rendered":"SERVICIO DE REINSERCI\u00d3N SOCIAL PARTICIP\u00d3 EN PRIMERA PLAZA DE LA JUSTICIA DEL A\u00d1O"},"content":{"rendered":"\n<p>Con el prop\u00f3sito de acercar la atenci\u00f3n a la comunidad, la Seremi de Justicia y Derechos Humanos junto<br>a sus servicios dependientes, desarrollaron la primera Plaza de la Justicia del a\u00f1o 2026, actividad en la<br>cual se inform\u00f3 a usuarios y usuarias sobre la oferta institucional.<br>Esta fue la primera Plaza de la Justicia del a\u00f1o 2026, que se instal\u00f3 en el CESFAM Thomas Fenton, centro<br>de salud del sector norte de la ciudad, que pertenece a la Corporaci\u00f3n Municipal de Punta Arenas.<br>En la ocasi\u00f3n, los servicios p\u00fablicos convocados entregaron informaci\u00f3n y atenciones espec\u00edficas en<br>tem\u00e1ticas de Registro Civil e Identificaci\u00f3n, Corporaci\u00f3n de Asistencia Judicial, Defensor\u00eda Penal P\u00fablica,<br>Gendarmer\u00eda de Chile, Servicio Nacional de Reinserci\u00f3n Social Juvenil y Servicio M\u00e9dico Legal. Adem\u00e1s,<br>se sumaron representantes de la Comisi\u00f3n Verdad y Ni\u00f1ez y el Sernac.<br>El m\u00f3dulo informativo del Servicio de Reinserci\u00f3n Social Juvenil de Magallanes estuvo a cargo de la<br>profesional Pamela Castro, encargada de la Oficina de Informaci\u00f3n, Reclamos y Sugerencias \u2013 OIRS, cuyo<br>objetivo fue entregar folleter\u00eda informativa, recibir consultas sobre procesos de reinserci\u00f3n de j\u00f3venes y<br>garantizar el acceso a la informaci\u00f3n p\u00fablica.<br>Tambi\u00e9n estuvo presente el Director Regional (S) de Reinserci\u00f3n Social Juvenil, Rodrigo Trujillo, quien<br>valor\u00f3 la oportunidad de llegar a la comunidad a trav\u00e9s de esta actividad. \u201cEste tipo de actividades nos<br>permiten llegar a la comunidad y responder de manera directa las consultas y requerimientos en el \u00e1rea<br>de la reinserci\u00f3n de j\u00f3venes y lo que corresponde a sanciones contempladas en la Ley de<br>Responsabilidad Penal Adolescente\u201d, se\u00f1al\u00f3.<br>La autoridad llam\u00f3 a la comunidad a asistir y aprovechar estos espacios, que se seguir\u00e1n repitiendo<br>durante el 2026, fechas y lugares que ser\u00e1n informados oportunamente por la Seremi de Justicia y<br>Derechos Humanos.<\/p>\n","protected":false},"excerpt":{"rendered":"<p>Con el prop\u00f3sito de acercar la atenci\u00f3n a la comunidad, la Seremi de Justicia y Derechos Humanos juntoa sus servicios dependientes, desarrollaron la primera Plaza de la Justicia del a\u00f1o&#8230; <a class=\"read-more\" href=\"https:\/\/www.radiopresidenteibanez.cl\/web\/servicio-de-reinsercion-social-participo-en-primera-plaza-de-la-justicia-del-ano\/\">Leer m\u00e1s<\/a><\/p>\n","protected":false},"author":2,"featured_media":62084,"comment_status":"closed","ping_status":"closed","sticky":false,"template":"","format":"standard","meta":{"footnotes":""},"categories":[1],"tags":[],"class_list":["post-62079","post","type-post","status-publish","format-standard","has-post-thumbnail","hentry","category-cronica"],"_links":{"self":[{"href":"https:\/\/www.radiopresidenteibanez.cl\/web\/wp-json\/wp\/v2\/posts\/62079","targetHints":{"allow":["GET"]}}],"collection":[{"href":"https:\/\/www.radiopresidenteibanez.cl\/web\/wp-json\/wp\/v2\/posts"}],"about":[{"href":"https:\/\/www.radiopresidenteibanez.cl\/web\/wp-json\/wp\/v2\/types\/post"}],"author":[{"embeddable":true,"href":"https:\/\/www.radiopresidenteibanez.cl\/web\/wp-json\/wp\/v2\/users\/2"}],"replies":[{"embeddable":true,"href":"https:\/\/www.radiopresidenteibanez.cl\/web\/wp-json\/wp\/v2\/comments?post=62079"}],"version-history":[{"count":1,"href":"https:\/\/www.radiopresidenteibanez.cl\/web\/wp-json\/wp\/v2\/posts\/62079\/revisions"}],"predecessor-version":[{"id":62085,"href":"https:\/\/www.radiopresidenteibanez.cl\/web\/wp-json\/wp\/v2\/posts\/62079\/revisions\/62085"}],"wp:featuredmedia":[{"embeddable":true,"href":"https:\/\/www.radiopresidenteibanez.cl\/web\/wp-json\/wp\/v2\/media\/62084"}],"wp:attachment":[{"href":"https:\/\/www.radiopresidenteibanez.cl\/web\/wp-json\/wp\/v2\/media?parent=62079"}],"wp:term":[{"taxonomy":"category","embeddable":true,"href":"https:\/\/www.radiopresidenteibanez.cl\/web\/wp-json\/wp\/v2\/categories?post=62079"},{"taxonomy":"post_tag","embeddable":true,"href":"https:\/\/www.radiopresidenteibanez.cl\/web\/wp-json\/wp\/v2\/tags?post=62079"}],"curies":[{"name":"wp","href":"https:\/\/api.w.org\/{rel}","templated":true}]}}