{"id":62076,"date":"2026-01-29T13:50:00","date_gmt":"2026-01-29T16:50:00","guid":{"rendered":"https:\/\/www.radiopresidenteibanez.cl\/web\/?p=62076"},"modified":"2026-01-29T10:58:35","modified_gmt":"2026-01-29T13:58:35","slug":"municipio-de-rio-verde-fortalece-estandares-de-probidad-en-reunion-con-contralor-regional","status":"publish","type":"post","link":"https:\/\/www.radiopresidenteibanez.cl\/web\/municipio-de-rio-verde-fortalece-estandares-de-probidad-en-reunion-con-contralor-regional\/","title":{"rendered":"MUNICIPIO DE R\u00cdO VERDE FORTALECE EST\u00c1NDARES DE PROBIDAD EN REUNI\u00d3N CON CONTRALOR REGIONAL"},"content":{"rendered":"\n<p>Con el objetivo de optimizar la transparencia y la eficacia en la gesti\u00f3n<br>p\u00fablica, la&nbsp;Alcaldesa de R\u00edo Verde, Tatiana V\u00e1squez, junto a algunos<br>miembros del Concejo Municipal, sostuvo una reuni\u00f3n de trabajo con<br>el Contralor Regional de Magallanes,&nbsp;Jorge Beamin Rosas.<br>Durante el encuentro, la Alcaldesa calific\u00f3 la visita como un hito<br>necesario para que la Contralor\u00eda conozca en terreno la realidad<br>administrativa de la comuna. V\u00e1squez enfatiz\u00f3 que esta apertura<br>busca, primordialmente, fortalecer el control preventivo.<br>\u00abNuestra prioridad es que los procesos internos sean rigurosos<br>para&nbsp;prever cualquier falta administrativa. Queremos asegurar que<br>cada acci\u00f3n municipal cumpla estrictamente con la probidad y eficacia<br>que la ley exige\u00bb, se\u00f1al\u00f3 la&nbsp;Alcaldesa Tatiana V\u00e1squez.<br>Por su parte, los concejales&nbsp;Soledad Ampuero&nbsp;y&nbsp;Germ\u00e1n<br>Saldivia&nbsp;respaldaron la postura de la jefa comunal, reafirmando su<br>compromiso con la legalidad. Los ediles destacaron que, desde su rol<br>fiscalizador, su labor es garantizar que todos los procedimientos<br>administrativos se ejecuten bajo el marco legal vigente, resguardando<br>as\u00ed los intereses de la comunidad de R\u00edo Verde.<br>Con esta instancia, las autoridades de la comuna reafirman su<br>compromiso con una administraci\u00f3n transparente y un manejo<br>responsable de los recursos p\u00fablicos.<\/p>\n","protected":false},"excerpt":{"rendered":"<p>Con el objetivo de optimizar la transparencia y la eficacia en la gesti\u00f3np\u00fablica, la&nbsp;Alcaldesa de R\u00edo Verde, Tatiana V\u00e1squez, junto a algunosmiembros del Concejo Municipal, sostuvo una reuni\u00f3n de trabajo&#8230; <a class=\"read-more\" href=\"https:\/\/www.radiopresidenteibanez.cl\/web\/municipio-de-rio-verde-fortalece-estandares-de-probidad-en-reunion-con-contralor-regional\/\">Leer m\u00e1s<\/a><\/p>\n","protected":false},"author":2,"featured_media":62077,"comment_status":"closed","ping_status":"closed","sticky":false,"template":"","format":"standard","meta":{"footnotes":""},"categories":[1],"tags":[],"class_list":["post-62076","post","type-post","status-publish","format-standard","has-post-thumbnail","hentry","category-cronica"],"_links":{"self":[{"href":"https:\/\/www.radiopresidenteibanez.cl\/web\/wp-json\/wp\/v2\/posts\/62076","targetHints":{"allow":["GET"]}}],"collection":[{"href":"https:\/\/www.radiopresidenteibanez.cl\/web\/wp-json\/wp\/v2\/posts"}],"about":[{"href":"https:\/\/www.radiopresidenteibanez.cl\/web\/wp-json\/wp\/v2\/types\/post"}],"author":[{"embeddable":true,"href":"https:\/\/www.radiopresidenteibanez.cl\/web\/wp-json\/wp\/v2\/users\/2"}],"replies":[{"embeddable":true,"href":"https:\/\/www.radiopresidenteibanez.cl\/web\/wp-json\/wp\/v2\/comments?post=62076"}],"version-history":[{"count":1,"href":"https:\/\/www.radiopresidenteibanez.cl\/web\/wp-json\/wp\/v2\/posts\/62076\/revisions"}],"predecessor-version":[{"id":62078,"href":"https:\/\/www.radiopresidenteibanez.cl\/web\/wp-json\/wp\/v2\/posts\/62076\/revisions\/62078"}],"wp:featuredmedia":[{"embeddable":true,"href":"https:\/\/www.radiopresidenteibanez.cl\/web\/wp-json\/wp\/v2\/media\/62077"}],"wp:attachment":[{"href":"https:\/\/www.radiopresidenteibanez.cl\/web\/wp-json\/wp\/v2\/media?parent=62076"}],"wp:term":[{"taxonomy":"category","embeddable":true,"href":"https:\/\/www.radiopresidenteibanez.cl\/web\/wp-json\/wp\/v2\/categories?post=62076"},{"taxonomy":"post_tag","embeddable":true,"href":"https:\/\/www.radiopresidenteibanez.cl\/web\/wp-json\/wp\/v2\/tags?post=62076"}],"curies":[{"name":"wp","href":"https:\/\/api.w.org\/{rel}","templated":true}]}}