{"id":62073,"date":"2026-01-29T12:40:00","date_gmt":"2026-01-29T15:40:00","guid":{"rendered":"https:\/\/www.radiopresidenteibanez.cl\/web\/?p=62073"},"modified":"2026-01-29T10:43:11","modified_gmt":"2026-01-29T13:43:11","slug":"aguas-magallanes-invita-a-charla-comunitaria-sobre-prevencion-de-riesgos-y-uso-seguro-de-servicios-basicos","status":"publish","type":"post","link":"https:\/\/www.radiopresidenteibanez.cl\/web\/aguas-magallanes-invita-a-charla-comunitaria-sobre-prevencion-de-riesgos-y-uso-seguro-de-servicios-basicos\/","title":{"rendered":"AGUAS MAGALLANES INVITA A CHARLA COMUNITARIA SOBRE PREVENCI\u00d3N DE RIESGOS Y USO SEGURO DE SERVICIOS B\u00c1SICOS"},"content":{"rendered":"\n<p>Con el objetivo de fortalecer la prevenci\u00f3n de riesgos y promover el uso seguro de los servicios b\u00e1sicos en los hogares, este jueves 29 de enero, a las 19:00 horas, se realizar\u00e1 la charla comunitaria \u201cComunidad m\u00e1s segura: prevenci\u00f3n de riesgos y emergencias en el hogar\u201d, dirigida a vecinas y vecinos del barrio 18 de Septiembre.<\/p>\n\n\n\n<p>La actividad se enmarca en el Programa Redes Comunitarias de Cuidados y se desarrollar\u00e1 en la Junta Vecinal N\u00b020, ubicada en Mateo de Toro y Zambrano N\u00b01825, esquina P\u00e9rez de Arce, instancia que busca entregar informaci\u00f3n pr\u00e1ctica y fortalecer el rol de la comunidad frente a eventuales emergencias.<\/p>\n\n\n\n<p>La jornada contar\u00e1 con la participaci\u00f3n de Aguas Magallanes, Edelmag y Gasco Magallanes, empresas que abordar\u00e1n tem\u00e1ticas relacionadas con el uso seguro del agua, la luz y el gas, el consumo responsable y las principales medidas de prevenci\u00f3n que pueden aplicarse en el d\u00eda a d\u00eda dentro del hogar.<\/p>\n\n\n\n<p>Desde Aguas Magallanes, destacaron la importancia de generar estos espacios de encuentro con la comunidad, se\u00f1alando que la prevenci\u00f3n y el buen uso de los servicios b\u00e1sicos no solo contribuyen a la seguridad de cada familia, sino tambi\u00e9n al bienestar del entorno y del barrio en su conjunto. En ese sentido, recalcaron que el autocuidado y la informaci\u00f3n oportuna son claves para anticiparse a situaciones de riesgo.<\/p>\n","protected":false},"excerpt":{"rendered":"<p>Con el objetivo de fortalecer la prevenci\u00f3n de riesgos y promover el uso seguro de los servicios b\u00e1sicos en los hogares, este jueves 29 de enero, a las 19:00 horas,&#8230; <a class=\"read-more\" href=\"https:\/\/www.radiopresidenteibanez.cl\/web\/aguas-magallanes-invita-a-charla-comunitaria-sobre-prevencion-de-riesgos-y-uso-seguro-de-servicios-basicos\/\">Leer m\u00e1s<\/a><\/p>\n","protected":false},"author":2,"featured_media":62074,"comment_status":"closed","ping_status":"closed","sticky":false,"template":"","format":"standard","meta":{"footnotes":""},"categories":[1],"tags":[],"class_list":["post-62073","post","type-post","status-publish","format-standard","has-post-thumbnail","hentry","category-cronica"],"_links":{"self":[{"href":"https:\/\/www.radiopresidenteibanez.cl\/web\/wp-json\/wp\/v2\/posts\/62073","targetHints":{"allow":["GET"]}}],"collection":[{"href":"https:\/\/www.radiopresidenteibanez.cl\/web\/wp-json\/wp\/v2\/posts"}],"about":[{"href":"https:\/\/www.radiopresidenteibanez.cl\/web\/wp-json\/wp\/v2\/types\/post"}],"author":[{"embeddable":true,"href":"https:\/\/www.radiopresidenteibanez.cl\/web\/wp-json\/wp\/v2\/users\/2"}],"replies":[{"embeddable":true,"href":"https:\/\/www.radiopresidenteibanez.cl\/web\/wp-json\/wp\/v2\/comments?post=62073"}],"version-history":[{"count":1,"href":"https:\/\/www.radiopresidenteibanez.cl\/web\/wp-json\/wp\/v2\/posts\/62073\/revisions"}],"predecessor-version":[{"id":62075,"href":"https:\/\/www.radiopresidenteibanez.cl\/web\/wp-json\/wp\/v2\/posts\/62073\/revisions\/62075"}],"wp:featuredmedia":[{"embeddable":true,"href":"https:\/\/www.radiopresidenteibanez.cl\/web\/wp-json\/wp\/v2\/media\/62074"}],"wp:attachment":[{"href":"https:\/\/www.radiopresidenteibanez.cl\/web\/wp-json\/wp\/v2\/media?parent=62073"}],"wp:term":[{"taxonomy":"category","embeddable":true,"href":"https:\/\/www.radiopresidenteibanez.cl\/web\/wp-json\/wp\/v2\/categories?post=62073"},{"taxonomy":"post_tag","embeddable":true,"href":"https:\/\/www.radiopresidenteibanez.cl\/web\/wp-json\/wp\/v2\/tags?post=62073"}],"curies":[{"name":"wp","href":"https:\/\/api.w.org\/{rel}","templated":true}]}}