{"id":62068,"date":"2026-01-29T11:11:00","date_gmt":"2026-01-29T14:11:00","guid":{"rendered":"https:\/\/www.radiopresidenteibanez.cl\/web\/?p=62068"},"modified":"2026-01-29T10:29:07","modified_gmt":"2026-01-29T13:29:07","slug":"slep-magallanes-y-asociacion-regional-de-futbol-firman-convenio-de-colaboracion-en-pos-del-campeonato-zonal-sur-que-se-realiza-en-punta-arenas","status":"publish","type":"post","link":"https:\/\/www.radiopresidenteibanez.cl\/web\/slep-magallanes-y-asociacion-regional-de-futbol-firman-convenio-de-colaboracion-en-pos-del-campeonato-zonal-sur-que-se-realiza-en-punta-arenas\/","title":{"rendered":"SLEP Magallanes y Asociaci\u00f3n Regional de F\u00fatbol firman Convenio de Colaboraci\u00f3n en pos del Campeonato Zonal sur que se realiza en Punta Arenas"},"content":{"rendered":"\n<p>Esta ma\u00f1ana, el Servicio Local de Educaci\u00f3n P\u00fablica Magallanes firm\u00f3 un Convenio de Colaboraci\u00f3n con la Asociaci\u00f3n Regional de F\u00fatbol Duod\u00e9cima Regi\u00f3n y Ant\u00e1rtica Chilena en el Liceo Polivalente Sara Braun con el objetivo de facilitar las instalaciones del establecimiento para la organizaci\u00f3n del Campeonato Zonal Sur de F\u00fatbol Todo Competidor y el Campeonato Zonal Sur Senior, que se desarrollar\u00e1n en Punta Arenas hasta el 21 de febrero.<\/p>\n\n\n\n<p>La instancia fue encabezada por el delegado presidencial regional, Jos\u00e9 Ruiz Pivcevic; el seremi de Educaci\u00f3n, Valent\u00edn Aguilera G\u00f3mez; el director ejecutivo (s) del Servicio Local de Educaci\u00f3n P\u00fablica Magallanes, Jorge Vald\u00e9s Or\u00f3stica; el presidente de la rama de f\u00fatbol del Club Deportivo Sokol, Alberto Maldonado C\u00e1rcamo; el exfutbolista profesional Rodrigo Riquelme Cabrera; directivos del Liceo Polivalente Sara Braun y participantes del campeonato.<\/p>\n\n\n\n<p>Jos\u00e9 Ru\u00edz Pivcevic, delegado presidencial regional, subray\u00f3 que este evento alberga a m\u00e1s de 220 deportistas y que el Liceo Sara Braun fue clave para concretar la realizaci\u00f3n de una villa ol\u00edmpica: \u201cEstamos muy contentos por la celebraci\u00f3n de este convenio entre el Slep Magallanes y la Asociaci\u00f3n Regional de F\u00fatbol. Tiempo atr\u00e1s recib\u00ed un llamado, un requerimiento, que anticipaba la organizaci\u00f3n de este certamen tan importante para el f\u00fatbol amateur\u201d. En tanto, puso en relieve la ubicaci\u00f3n privilegiada del establecimiento educativo, que permite a los deportistas trasladarse a distintos puntos de la ciudad.<\/p>\n\n\n\n<p>Valent\u00edn Aguilera G\u00f3mez, seremi de Educaci\u00f3n, enfatiz\u00f3: \u201cFelicitamos la realizaci\u00f3n de convenios como este, que permiten la vinculaci\u00f3n con la comunidad y el respaldo a la actividad deportiva, que es algo muy importante para cada una de las escuelas de nuestra regi\u00f3n\u201d.<\/p>\n\n\n\n<p>Jorge Vald\u00e9s Or\u00f3stica, director ejecutivo (s) del Servicio Local de Educaci\u00f3n P\u00fablica Magallanes, explic\u00f3 que \u201clos establecimientos educacionales son centros c\u00edvicos, por lo tanto, siempre est\u00e1n abiertos a la comunidad y a entregar espacios en beneficio de actividades que se generen a nivel regional\u201d. Por otra parte, relat\u00f3 que como producto del convenio la Asociaci\u00f3n Regional de F\u00fatbol efectu\u00f3 una retribuci\u00f3n consistente en mejoras de infraestructura.<\/p>\n\n\n\n<p>Alberto Maldonado C\u00e1rcamo, presidente de la rama de f\u00fatbol del Club Deportivo Sokol, subraya el impacto del convenio: \u201cEs sumamente importante porque es un tremendo beneficio, ya que actualmente se est\u00e1 desarrollando la categor\u00eda Adultos y en febrero se realizar\u00e1 la categor\u00eda Senior, as\u00ed es que s\u00faper contento de seguir trabajando por el deporte\u201d.<\/p>\n\n\n\n<p>Rodrigo Riquelme Cabrera, exfutbolista profesional que representa a Juvenil Seminario de Talca, expres\u00f3 su gratitud por la experiencia: \u201cA nivel profesional me ha tocado llegar hasta Puerto Mont y hoy d\u00eda, tener esta experiencia, estar en esta ciudad, conocer los alrededores, creo que es una de las sensaciones m\u00e1s lindas que el f\u00fatbol me ha podido dar\u201d. Adem\u00e1s, elogi\u00f3 las bondades del alojamiento y alimentaci\u00f3n. \u201cHemos ido al cementerio, a la plaza, al mirador, a la costanera y nos encontramos con una sensaci\u00f3n muy linda de la ciudad. Creo que despu\u00e9s de esto, si me preguntan, obviamente recomendar\u00eda el 100% venir a vacacionar o venir a conocer Punta Arenas\u201d, puntualiz\u00f3.<\/p>\n\n\n\n<p>Cabe destacar que el Campeonato Zonal Sur de F\u00fatbol Todo Competidor inici\u00f3 el 22 de enero y concluye el 31 de enero, mientras que el Campeonato Zonal Sur Senior se realizar\u00e1 entre los d\u00edas 14 y 21 de febrero.<\/p>\n","protected":false},"excerpt":{"rendered":"<p>Esta ma\u00f1ana, el Servicio Local de Educaci\u00f3n P\u00fablica Magallanes firm\u00f3 un Convenio de Colaboraci\u00f3n con la Asociaci\u00f3n Regional de F\u00fatbol Duod\u00e9cima Regi\u00f3n y Ant\u00e1rtica Chilena en el Liceo Polivalente Sara&#8230; <a class=\"read-more\" href=\"https:\/\/www.radiopresidenteibanez.cl\/web\/slep-magallanes-y-asociacion-regional-de-futbol-firman-convenio-de-colaboracion-en-pos-del-campeonato-zonal-sur-que-se-realiza-en-punta-arenas\/\">Leer m\u00e1s<\/a><\/p>\n","protected":false},"author":2,"featured_media":62069,"comment_status":"closed","ping_status":"closed","sticky":false,"template":"","format":"standard","meta":{"footnotes":""},"categories":[1],"tags":[],"class_list":["post-62068","post","type-post","status-publish","format-standard","has-post-thumbnail","hentry","category-cronica"],"_links":{"self":[{"href":"https:\/\/www.radiopresidenteibanez.cl\/web\/wp-json\/wp\/v2\/posts\/62068","targetHints":{"allow":["GET"]}}],"collection":[{"href":"https:\/\/www.radiopresidenteibanez.cl\/web\/wp-json\/wp\/v2\/posts"}],"about":[{"href":"https:\/\/www.radiopresidenteibanez.cl\/web\/wp-json\/wp\/v2\/types\/post"}],"author":[{"embeddable":true,"href":"https:\/\/www.radiopresidenteibanez.cl\/web\/wp-json\/wp\/v2\/users\/2"}],"replies":[{"embeddable":true,"href":"https:\/\/www.radiopresidenteibanez.cl\/web\/wp-json\/wp\/v2\/comments?post=62068"}],"version-history":[{"count":1,"href":"https:\/\/www.radiopresidenteibanez.cl\/web\/wp-json\/wp\/v2\/posts\/62068\/revisions"}],"predecessor-version":[{"id":62070,"href":"https:\/\/www.radiopresidenteibanez.cl\/web\/wp-json\/wp\/v2\/posts\/62068\/revisions\/62070"}],"wp:featuredmedia":[{"embeddable":true,"href":"https:\/\/www.radiopresidenteibanez.cl\/web\/wp-json\/wp\/v2\/media\/62069"}],"wp:attachment":[{"href":"https:\/\/www.radiopresidenteibanez.cl\/web\/wp-json\/wp\/v2\/media?parent=62068"}],"wp:term":[{"taxonomy":"category","embeddable":true,"href":"https:\/\/www.radiopresidenteibanez.cl\/web\/wp-json\/wp\/v2\/categories?post=62068"},{"taxonomy":"post_tag","embeddable":true,"href":"https:\/\/www.radiopresidenteibanez.cl\/web\/wp-json\/wp\/v2\/tags?post=62068"}],"curies":[{"name":"wp","href":"https:\/\/api.w.org\/{rel}","templated":true}]}}