{"id":62065,"date":"2026-01-29T10:23:05","date_gmt":"2026-01-29T13:23:05","guid":{"rendered":"https:\/\/www.radiopresidenteibanez.cl\/web\/?p=62065"},"modified":"2026-01-29T10:23:06","modified_gmt":"2026-01-29T13:23:06","slug":"62065-2","status":"publish","type":"post","link":"https:\/\/www.radiopresidenteibanez.cl\/web\/62065-2\/","title":{"rendered":""},"content":{"rendered":"\n<p>Este mi\u00e9rcoles 28 de enero se realiz\u00f3, en el Patio de Las Camelias del Palacio de La Moneda, la ceremonia de certificaci\u00f3n de competencias laborales organizada por ChileValora, en la que se reconoci\u00f3 a trabajadores de la radiodifusi\u00f3n de todo Chile.<\/p>\n\n\n\n<p>En la instancia,&nbsp;<strong>59 locutores y t\u00e9cnicos radiales<\/strong>&nbsp;recibieron su certificaci\u00f3n estatal en los perfiles de&nbsp;<em>Locutor(a) de Radio<\/em>&nbsp;y&nbsp;<em>Encargado(a) T\u00e9cnico(a) de Radiodifusi\u00f3n Sonora<\/em>. De ellos,&nbsp;<strong>16 pertenecen a radios asociadas a ARCHI<\/strong>, reafirmando el compromiso del gremio con la profesionalizaci\u00f3n del medio.<\/p>\n\n\n\n<p>A la ceremonia asistieron la ministra Secretaria General de Gobierno,&nbsp;<strong>Camila Vallejos<\/strong>; el ministro del Trabajo y Previsi\u00f3n Social,&nbsp;<strong>Giorgio Boccardo<\/strong>; el subsecretario General de Gobierno,&nbsp;<strong>Erwin D\u00edaz<\/strong>; representantes de ChileVoces y el presidente nacional de ARCHI,&nbsp;<strong>Cristi\u00e1n G\u00e1lvez Plaza<\/strong>.<\/p>\n\n\n\n<p>Durante la actividad, la ministra Camila Vallejos destac\u00f3 que estas certificaciones representan \u201cun reconocimiento al trabajo y a la dignidad laboral\u201d, subrayando adem\u00e1s que el fortalecimiento de los medios de comunicaci\u00f3n contribuye directamente a la democracia del pa\u00eds.<\/p>\n\n\n\n<p>Desde ChileValora, su directora ejecutiva,&nbsp;<strong>Ximena Rivillo<\/strong>, valor\u00f3 el rol de la radio como un medio que llega a todos los rincones de Chile y agradeci\u00f3 el trabajo colaborativo desarrollado junto a ARCHI, anunciando adem\u00e1s la continuidad del programa de certificaciones para los pr\u00f3ximos a\u00f1os.<\/p>\n\n\n\n<p>Entre las personas pertenecientes a radios ARCHI, estaba&nbsp;<strong>Ra\u00fal Espinoza<\/strong>, de Radio Ancoa de Linares, quien se\u00f1al\u00f3 que este proceso permiti\u00f3 reconocer formalmente d\u00e9cadas de trabajo en radio, valorando la evaluaci\u00f3n pr\u00e1ctica como una validaci\u00f3n real del oficio.<\/p>\n\n\n\n<p><br>Por su parte,&nbsp;<strong>Daniel Miranda<\/strong>, de Radio Presidente Ib\u00e1\u00f1ez de Punta Arenas, destac\u00f3 el orgullo de certificar una trayectoria desarrollada desde regiones, resaltando la importancia de profesionalizar el trabajo radial y su compromiso con la informaci\u00f3n responsable y cercana a la audiencia.<\/p>\n\n\n\n<p>El presidente nacional de ARCHI,&nbsp;<strong>Cristi\u00e1n G\u00e1lvez Plaza<\/strong>, enfatiz\u00f3 que \u201cla certificaci\u00f3n de competencias laborales permite reconocer formalmente la trayectoria de quienes hacen radio en todo Chile y proyectar el futuro del medio con est\u00e1ndares acordes a su alto nivel de credibilidad\u201d.<\/p>\n\n\n\n<p>Cabe recordar que, seg\u00fan estudios de Ipsos, la radio se mantiene como el medio de comunicaci\u00f3n m\u00e1s confiable del pa\u00eds, con m\u00e1s de 12 millones de auditores diarios.<\/p>\n\n\n\n<p>Como ARCHI, valoramos profundamente esta instancia y seguiremos impulsando iniciativas que fortalezcan a quienes hacen posible la radio en Chile.<\/p>\n","protected":false},"excerpt":{"rendered":"<p>Este mi\u00e9rcoles 28 de enero se realiz\u00f3, en el Patio de Las Camelias del Palacio de La Moneda, la ceremonia de certificaci\u00f3n de competencias laborales organizada por ChileValora, en la&#8230; <a class=\"read-more\" href=\"https:\/\/www.radiopresidenteibanez.cl\/web\/62065-2\/\">Leer m\u00e1s<\/a><\/p>\n","protected":false},"author":2,"featured_media":62066,"comment_status":"closed","ping_status":"closed","sticky":false,"template":"","format":"standard","meta":{"footnotes":""},"categories":[1],"tags":[],"class_list":["post-62065","post","type-post","status-publish","format-standard","has-post-thumbnail","hentry","category-cronica"],"_links":{"self":[{"href":"https:\/\/www.radiopresidenteibanez.cl\/web\/wp-json\/wp\/v2\/posts\/62065","targetHints":{"allow":["GET"]}}],"collection":[{"href":"https:\/\/www.radiopresidenteibanez.cl\/web\/wp-json\/wp\/v2\/posts"}],"about":[{"href":"https:\/\/www.radiopresidenteibanez.cl\/web\/wp-json\/wp\/v2\/types\/post"}],"author":[{"embeddable":true,"href":"https:\/\/www.radiopresidenteibanez.cl\/web\/wp-json\/wp\/v2\/users\/2"}],"replies":[{"embeddable":true,"href":"https:\/\/www.radiopresidenteibanez.cl\/web\/wp-json\/wp\/v2\/comments?post=62065"}],"version-history":[{"count":1,"href":"https:\/\/www.radiopresidenteibanez.cl\/web\/wp-json\/wp\/v2\/posts\/62065\/revisions"}],"predecessor-version":[{"id":62067,"href":"https:\/\/www.radiopresidenteibanez.cl\/web\/wp-json\/wp\/v2\/posts\/62065\/revisions\/62067"}],"wp:featuredmedia":[{"embeddable":true,"href":"https:\/\/www.radiopresidenteibanez.cl\/web\/wp-json\/wp\/v2\/media\/62066"}],"wp:attachment":[{"href":"https:\/\/www.radiopresidenteibanez.cl\/web\/wp-json\/wp\/v2\/media?parent=62065"}],"wp:term":[{"taxonomy":"category","embeddable":true,"href":"https:\/\/www.radiopresidenteibanez.cl\/web\/wp-json\/wp\/v2\/categories?post=62065"},{"taxonomy":"post_tag","embeddable":true,"href":"https:\/\/www.radiopresidenteibanez.cl\/web\/wp-json\/wp\/v2\/tags?post=62065"}],"curies":[{"name":"wp","href":"https:\/\/api.w.org\/{rel}","templated":true}]}}