{"id":62058,"date":"2026-01-29T10:10:48","date_gmt":"2026-01-29T13:10:48","guid":{"rendered":"https:\/\/www.radiopresidenteibanez.cl\/web\/?p=62058"},"modified":"2026-01-29T10:10:49","modified_gmt":"2026-01-29T13:10:49","slug":"certifican-a-trabajadores-radiales-a-traves-de-chilevalora-subsecretaria-de-gobierno-y-fulcro","status":"publish","type":"post","link":"https:\/\/www.radiopresidenteibanez.cl\/web\/certifican-a-trabajadores-radiales-a-traves-de-chilevalora-subsecretaria-de-gobierno-y-fulcro\/","title":{"rendered":"CERTIFICAN A TRABAJADORES RADIALES A TRAVES DE CHILEVALORA, SUBSECRETARIA DE GOBIERNO Y FULCRO"},"content":{"rendered":"\n<p>En el Patio Las Camelias del palacio de la moneda y con la participaci\u00f3n de la ministra Vocera de Gobierno Camila Vallejos, el Ministro de Trabajo Giorgio Boccardo, la directora nacional de Chilevalora <strong>Ximena Rivillo Or\u00f3stica<\/strong>  se realizo la ceremonia de certificaci\u00f3n de trabajadores radiales de todo el pa\u00eds.<\/p>\n\n\n\n<p>Mas de cien locutores y t\u00e9cnicos de radio fueron quienes recibieron su certificaci\u00f3n en las competencias laborales comunicacionales a trav\u00e9s de Fulcro empresa encargada de realizar evaluaciones en todo el pa\u00eds<\/p>\n\n\n\n<p>Boris Aguilera, de Fulcro, en conversaci\u00f3n con Radio Presidente Iba\u00f1ez, indico que son mas de 250 profesionales de las comunicaciones, siendo el primer certificado en chile Daniel Miranda de Punta Arenas, quien participo de la ceremonia dando un realze a la actividad<\/p>\n\n\n\n<figure class=\"wp-block-image size-large\"><img loading=\"lazy\" decoding=\"async\" width=\"1024\" height=\"768\" src=\"https:\/\/www.radiopresidenteibanez.cl\/web\/wp-content\/uploads\/yo-1024x768.jpg\" alt=\"\" class=\"wp-image-62059\" srcset=\"https:\/\/www.radiopresidenteibanez.cl\/web\/wp-content\/uploads\/yo-1024x768.jpg 1024w, https:\/\/www.radiopresidenteibanez.cl\/web\/wp-content\/uploads\/yo-300x225.jpg 300w, https:\/\/www.radiopresidenteibanez.cl\/web\/wp-content\/uploads\/yo-768x576.jpg 768w, https:\/\/www.radiopresidenteibanez.cl\/web\/wp-content\/uploads\/yo-1536x1152.jpg 1536w, https:\/\/www.radiopresidenteibanez.cl\/web\/wp-content\/uploads\/yo.jpg 1600w\" sizes=\"auto, (max-width: 1024px) 100vw, 1024px\" \/><\/figure>\n\n\n\n<p>Aguilera, agrego, que de la regi\u00f3n de Magallanes, el unico certificado fue el locutor Daniel Miranda, quien comenzo su proceso de evaluacion en el mes de Agosto 2025, cerrando el ciclo el pasado 28 de Enero recibiendo su certificado de Locutor Profesional<\/p>\n\n\n\n<figure class=\"wp-block-image size-large\"><img loading=\"lazy\" decoding=\"async\" width=\"768\" height=\"1024\" src=\"https:\/\/www.radiopresidenteibanez.cl\/web\/wp-content\/uploads\/yo-yo-768x1024.jpg\" alt=\"\" class=\"wp-image-62062\" srcset=\"https:\/\/www.radiopresidenteibanez.cl\/web\/wp-content\/uploads\/yo-yo-768x1024.jpg 768w, https:\/\/www.radiopresidenteibanez.cl\/web\/wp-content\/uploads\/yo-yo-225x300.jpg 225w, https:\/\/www.radiopresidenteibanez.cl\/web\/wp-content\/uploads\/yo-yo-1152x1536.jpg 1152w, https:\/\/www.radiopresidenteibanez.cl\/web\/wp-content\/uploads\/yo-yo.jpg 1200w\" sizes=\"auto, (max-width: 768px) 100vw, 768px\" \/><\/figure>\n\n\n\n<p><\/p>\n","protected":false},"excerpt":{"rendered":"<p>En el Patio Las Camelias del palacio de la moneda y con la participaci\u00f3n de la ministra Vocera de Gobierno Camila Vallejos, el Ministro de Trabajo Giorgio Boccardo, la directora&#8230; <a class=\"read-more\" href=\"https:\/\/www.radiopresidenteibanez.cl\/web\/certifican-a-trabajadores-radiales-a-traves-de-chilevalora-subsecretaria-de-gobierno-y-fulcro\/\">Leer m\u00e1s<\/a><\/p>\n","protected":false},"author":2,"featured_media":62063,"comment_status":"closed","ping_status":"closed","sticky":false,"template":"","format":"standard","meta":{"footnotes":""},"categories":[1],"tags":[],"class_list":["post-62058","post","type-post","status-publish","format-standard","has-post-thumbnail","hentry","category-cronica"],"_links":{"self":[{"href":"https:\/\/www.radiopresidenteibanez.cl\/web\/wp-json\/wp\/v2\/posts\/62058","targetHints":{"allow":["GET"]}}],"collection":[{"href":"https:\/\/www.radiopresidenteibanez.cl\/web\/wp-json\/wp\/v2\/posts"}],"about":[{"href":"https:\/\/www.radiopresidenteibanez.cl\/web\/wp-json\/wp\/v2\/types\/post"}],"author":[{"embeddable":true,"href":"https:\/\/www.radiopresidenteibanez.cl\/web\/wp-json\/wp\/v2\/users\/2"}],"replies":[{"embeddable":true,"href":"https:\/\/www.radiopresidenteibanez.cl\/web\/wp-json\/wp\/v2\/comments?post=62058"}],"version-history":[{"count":1,"href":"https:\/\/www.radiopresidenteibanez.cl\/web\/wp-json\/wp\/v2\/posts\/62058\/revisions"}],"predecessor-version":[{"id":62064,"href":"https:\/\/www.radiopresidenteibanez.cl\/web\/wp-json\/wp\/v2\/posts\/62058\/revisions\/62064"}],"wp:featuredmedia":[{"embeddable":true,"href":"https:\/\/www.radiopresidenteibanez.cl\/web\/wp-json\/wp\/v2\/media\/62063"}],"wp:attachment":[{"href":"https:\/\/www.radiopresidenteibanez.cl\/web\/wp-json\/wp\/v2\/media?parent=62058"}],"wp:term":[{"taxonomy":"category","embeddable":true,"href":"https:\/\/www.radiopresidenteibanez.cl\/web\/wp-json\/wp\/v2\/categories?post=62058"},{"taxonomy":"post_tag","embeddable":true,"href":"https:\/\/www.radiopresidenteibanez.cl\/web\/wp-json\/wp\/v2\/tags?post=62058"}],"curies":[{"name":"wp","href":"https:\/\/api.w.org\/{rel}","templated":true}]}}