{"id":6205,"date":"2019-08-07T14:32:14","date_gmt":"2019-08-07T14:32:14","guid":{"rendered":"http:\/\/www.radiopresidenteibanez.cl\/web\/?p=6205"},"modified":"2019-08-07T14:32:20","modified_gmt":"2019-08-07T14:32:20","slug":"senadora-goic-y-colegio-medico-de-chile-trabajan-en-propuesta-para-la-sumar-mas-oncologos-a-magallanes","status":"publish","type":"post","link":"https:\/\/www.radiopresidenteibanez.cl\/web\/senadora-goic-y-colegio-medico-de-chile-trabajan-en-propuesta-para-la-sumar-mas-oncologos-a-magallanes\/","title":{"rendered":"SENADORA GOIC Y COLEGIO M\u00c9DICO DE CHILE TRABAJAN EN PROPUESTA PARA LA SUMAR M\u00c1S ONC\u00d3LOGOS  A MAGALLANES"},"content":{"rendered":"\n<p>Una propuesta en conjunto que permita incorporar m\u00e1s\nprofesionales en el \u00e1rea de la oncolog\u00eda para la regi\u00f3n de Magallanes, es el\ntrabajo que est\u00e1 desarrollando la senadora Goic y el Colegio M\u00e9dico de Chile\nencabezado por su presidenta Izkia Siches, para lo cual han sostenido diversos\nencuentros a trav\u00e9s de la Comisi\u00f3n de Salud en el Congreso Nacional.<\/p>\n\n\n\n<p>\u201cEstamos en conocimiento de las escases de onc\u00f3logos que\nexisten en Magallanes, estamos trabajando en algunas propuestas que permitan\ngarantizar la calidad, como a su vez lograr proveer de este recurso m\u00e9dico tan\nnecesario. Esperamos contar con todos los profesionales onc\u00f3logos para sumarse\nal trabajo que se requiere para la regi\u00f3n\u201d, expres\u00f3 la presidente del Colegio\nM\u00e9dico de Chile Izkia Siches.<\/p>\n\n\n\n<p>Por su parte la senadora magall\u00e1nica Carolina Goic junto con\nagradecer la disposici\u00f3n del Colegio M\u00e9dico, se\u00f1al\u00f3 \u201cuno de los puntos que\ntratamos en la ley nacional del c\u00e1ncer es c\u00f3mo se fortalecen los recursos\nhumanos necesarios. Sabemos que en regiones como Magallanes es fundamental\ncontar con mayor cantidad de especialistas, por eso estamos trabajando junto al\nColegio M\u00e9dico\u201d.<\/p>\n\n\n\n<p>Luego indic\u00f3 que hoy nuestra regi\u00f3n cuenta con una onc\u00f3loga\nque ha desarrollado una labor profesional incuestionable, pero est\u00e1 sola. Por\neso se debe trabajar en alternativas que permitan incentivar la llegada de\nm\u00e9dicos que se radiquen en zonas extremas como&nbsp;\nMagallanes. <\/p>\n","protected":false},"excerpt":{"rendered":"<p>Una propuesta en conjunto que permita incorporar m\u00e1s profesionales en el \u00e1rea de la oncolog\u00eda para la regi\u00f3n de Magallanes, es el trabajo que est\u00e1 desarrollando la senadora Goic y&#8230; <a class=\"read-more\" href=\"https:\/\/www.radiopresidenteibanez.cl\/web\/senadora-goic-y-colegio-medico-de-chile-trabajan-en-propuesta-para-la-sumar-mas-oncologos-a-magallanes\/\">Leer m\u00e1s<\/a><\/p>\n","protected":false},"author":2,"featured_media":6206,"comment_status":"closed","ping_status":"closed","sticky":false,"template":"","format":"standard","meta":{"footnotes":""},"categories":[1],"tags":[],"class_list":["post-6205","post","type-post","status-publish","format-standard","has-post-thumbnail","hentry","category-cronica"],"_links":{"self":[{"href":"https:\/\/www.radiopresidenteibanez.cl\/web\/wp-json\/wp\/v2\/posts\/6205","targetHints":{"allow":["GET"]}}],"collection":[{"href":"https:\/\/www.radiopresidenteibanez.cl\/web\/wp-json\/wp\/v2\/posts"}],"about":[{"href":"https:\/\/www.radiopresidenteibanez.cl\/web\/wp-json\/wp\/v2\/types\/post"}],"author":[{"embeddable":true,"href":"https:\/\/www.radiopresidenteibanez.cl\/web\/wp-json\/wp\/v2\/users\/2"}],"replies":[{"embeddable":true,"href":"https:\/\/www.radiopresidenteibanez.cl\/web\/wp-json\/wp\/v2\/comments?post=6205"}],"version-history":[{"count":0,"href":"https:\/\/www.radiopresidenteibanez.cl\/web\/wp-json\/wp\/v2\/posts\/6205\/revisions"}],"wp:featuredmedia":[{"embeddable":true,"href":"https:\/\/www.radiopresidenteibanez.cl\/web\/wp-json\/wp\/v2\/media\/6206"}],"wp:attachment":[{"href":"https:\/\/www.radiopresidenteibanez.cl\/web\/wp-json\/wp\/v2\/media?parent=6205"}],"wp:term":[{"taxonomy":"category","embeddable":true,"href":"https:\/\/www.radiopresidenteibanez.cl\/web\/wp-json\/wp\/v2\/categories?post=6205"},{"taxonomy":"post_tag","embeddable":true,"href":"https:\/\/www.radiopresidenteibanez.cl\/web\/wp-json\/wp\/v2\/tags?post=6205"}],"curies":[{"name":"wp","href":"https:\/\/api.w.org\/{rel}","templated":true}]}}