{"id":62034,"date":"2026-01-27T16:50:00","date_gmt":"2026-01-27T19:50:00","guid":{"rendered":"https:\/\/www.radiopresidenteibanez.cl\/web\/?p=62034"},"modified":"2026-01-27T11:51:58","modified_gmt":"2026-01-27T14:51:58","slug":"sag-llama-a-informarse-ante-nueva-obligacion-de-avisar-aplicaciones-de-plaguicidas-toxico-para-las-abejas","status":"publish","type":"post","link":"https:\/\/www.radiopresidenteibanez.cl\/web\/sag-llama-a-informarse-ante-nueva-obligacion-de-avisar-aplicaciones-de-plaguicidas-toxico-para-las-abejas\/","title":{"rendered":"SAG llama a informarse ante nueva obligaci\u00f3n de avisar aplicaciones de plaguicidas t\u00f3xico para las abejas"},"content":{"rendered":"\n<p>El Servicio Agr\u00edcola y Ganadero, SAG, hace un llamado a los agricultores y agricultoras a informarse y estar preparados, ya que a partir de este&nbsp;<strong>26 de enero de 2026<\/strong>&nbsp;quienes utilicen plaguicidas categorizados como t\u00f3xicos para las abejas deber\u00e1n&nbsp;<strong>avisar con 48 horas de anticipaci\u00f3n a los apicultores\/as cercanos a su predio<\/strong>. Esta nueva obligaci\u00f3n forma parte de las nuevas medidas de la Ley Ap\u00edcola, con el fin de proteger a las abejas, polinizadores esenciales para nuestra agricultura y biodiversidad.<\/p>\n\n\n\n<p>La normativa tambi\u00e9n establece restricciones horarias para la aplicaci\u00f3n de plaguicidas t\u00f3xicos y moderadamente t\u00f3xicos, los cuales deber\u00e1n utilizarse solo en momentos de baja actividad de las abejas, como temprano por la ma\u00f1ana o al atardecer. Cabe se\u00f1alar que el aviso a los apicultores\/as es una exigencia distinta e independiente de la notificaci\u00f3n requerida por el Ministerio de Salud.<\/p>\n\n\n\n<p><strong>\u00bfC\u00f3mo opera el aviso de aplicaci\u00f3n de plaguicidas?<\/strong><\/p>\n\n\n\n<p>El Aviso de Aplicaci\u00f3n de Plaguicidas comenzar\u00e1 a regir este 26 de enero de 2026 para los agroqu\u00edmicos etiquetados como t\u00f3xicos para las abejas y en abril del mismo a\u00f1o para los moderadamente t\u00f3xicos.<\/p>\n\n\n\n<p>Esta responsabilidad recae exclusivamente en quien aplica el plaguicida, que deber\u00e1 informar con al menos 48 horas de anticipaci\u00f3n y mediante un medio verificable \u2014como correo electr\u00f3nico, mensaje de texto o escrito (presencial)\u2014 a los\/as apicultores\/as ubicados en la zona de influencia pr\u00f3xima a su predio.<\/p>\n\n\n\n<p>Cabe se\u00f1alar que el SAG no realizar\u00e1 estas notificaciones, sino que pondr\u00e1 a disposici\u00f3n la informaci\u00f3n registrada por los propios apicultores\/as en el SIPEC Ap\u00edcola a trav\u00e9s de una aplicaci\u00f3n web denominada&nbsp;<strong>Consulta para Avisaje<\/strong>&nbsp;a la cual se ingresa en el link:&nbsp;<a href=\"http:\/\/cpa.sag.gob.cl\/\" target=\"_blank\" rel=\"noreferrer noopener\">cpa.sag.gob.cl &nbsp;&nbsp;&nbsp;<\/a><\/p>\n\n\n\n<p><strong>La importancia de mantener los datos actualizados en SIPEC Ap\u00edcola<\/strong><\/p>\n\n\n\n<p>Para un correcto aviso de aplicaci\u00f3n, es fundamental que cada apicultor\/a se inscriba y declare sus apiarios en SIPEC Ap\u00edcola, tr\u00e1mite obligatorio que puede realizar en&nbsp;<a href=\"http:\/\/sipecweb.sag.gob.cl\/\" target=\"_blank\" rel=\"noreferrer noopener\">sipecweb.sag.gob.cl<\/a>&nbsp;&nbsp;o directamente en cualquier oficina del Servicio. Mantener actualizada la ubicaci\u00f3n de los apiarios y colmenas, junto con sus datos de contacto (tel\u00e9fono y correo electr\u00f3nico), permitir\u00e1 que el aviso llegue de manera efectiva y oportuna.<\/p>\n\n\n\n<p>Cumplir con las nuevas obligaciones de la Ley Ap\u00edcola es fundamental para proteger a las abejas, esenciales para la polinizaci\u00f3n y el equilibrio de nuestros ecosistemas. Por ello, es clave que tanto agricultores\/as como apicultores\/as se informen con anticipaci\u00f3n ingresando a&nbsp;<a href=\"http:\/\/www.sag.cl\/\" target=\"_blank\" rel=\"noreferrer noopener\">www.sag.cl<\/a>&nbsp; o escribiendo al correo electr\u00f3nico&nbsp;<a href=\"mailto:oficina.informaciones@sag.gob.cl\" target=\"_blank\" rel=\"noreferrer noopener\">oficina.informaciones@sag.gob.cl<\/a><\/p>\n","protected":false},"excerpt":{"rendered":"<p>El Servicio Agr\u00edcola y Ganadero, SAG, hace un llamado a los agricultores y agricultoras a informarse y estar preparados, ya que a partir de este&nbsp;26 de enero de 2026&nbsp;quienes utilicen&#8230; <a class=\"read-more\" href=\"https:\/\/www.radiopresidenteibanez.cl\/web\/sag-llama-a-informarse-ante-nueva-obligacion-de-avisar-aplicaciones-de-plaguicidas-toxico-para-las-abejas\/\">Leer m\u00e1s<\/a><\/p>\n","protected":false},"author":2,"featured_media":62035,"comment_status":"closed","ping_status":"closed","sticky":false,"template":"","format":"standard","meta":{"footnotes":""},"categories":[1],"tags":[],"class_list":["post-62034","post","type-post","status-publish","format-standard","has-post-thumbnail","hentry","category-cronica"],"_links":{"self":[{"href":"https:\/\/www.radiopresidenteibanez.cl\/web\/wp-json\/wp\/v2\/posts\/62034","targetHints":{"allow":["GET"]}}],"collection":[{"href":"https:\/\/www.radiopresidenteibanez.cl\/web\/wp-json\/wp\/v2\/posts"}],"about":[{"href":"https:\/\/www.radiopresidenteibanez.cl\/web\/wp-json\/wp\/v2\/types\/post"}],"author":[{"embeddable":true,"href":"https:\/\/www.radiopresidenteibanez.cl\/web\/wp-json\/wp\/v2\/users\/2"}],"replies":[{"embeddable":true,"href":"https:\/\/www.radiopresidenteibanez.cl\/web\/wp-json\/wp\/v2\/comments?post=62034"}],"version-history":[{"count":1,"href":"https:\/\/www.radiopresidenteibanez.cl\/web\/wp-json\/wp\/v2\/posts\/62034\/revisions"}],"predecessor-version":[{"id":62036,"href":"https:\/\/www.radiopresidenteibanez.cl\/web\/wp-json\/wp\/v2\/posts\/62034\/revisions\/62036"}],"wp:featuredmedia":[{"embeddable":true,"href":"https:\/\/www.radiopresidenteibanez.cl\/web\/wp-json\/wp\/v2\/media\/62035"}],"wp:attachment":[{"href":"https:\/\/www.radiopresidenteibanez.cl\/web\/wp-json\/wp\/v2\/media?parent=62034"}],"wp:term":[{"taxonomy":"category","embeddable":true,"href":"https:\/\/www.radiopresidenteibanez.cl\/web\/wp-json\/wp\/v2\/categories?post=62034"},{"taxonomy":"post_tag","embeddable":true,"href":"https:\/\/www.radiopresidenteibanez.cl\/web\/wp-json\/wp\/v2\/tags?post=62034"}],"curies":[{"name":"wp","href":"https:\/\/api.w.org\/{rel}","templated":true}]}}