{"id":62029,"date":"2026-01-27T15:19:00","date_gmt":"2026-01-27T18:19:00","guid":{"rendered":"https:\/\/www.radiopresidenteibanez.cl\/web\/?p=62029"},"modified":"2026-01-27T11:09:38","modified_gmt":"2026-01-27T14:09:38","slug":"seremi-de-salud-magallanes-realiza-positivo-balance-de-talleres-educativos-de-prevencion-de-marea-roja-2025","status":"publish","type":"post","link":"https:\/\/www.radiopresidenteibanez.cl\/web\/seremi-de-salud-magallanes-realiza-positivo-balance-de-talleres-educativos-de-prevencion-de-marea-roja-2025\/","title":{"rendered":"SEREMI DE SALUD MAGALLANES REALIZA POSITIVO BALANCE DE TALLERES EDUCATIVOS DE PREVENCI\u00d3N DE MAREA ROJA 2025"},"content":{"rendered":"\n<p>La Seremi de Salud de Magallanes destac\u00f3 el trabajo educativo realizado durante el a\u00f1o 2025 en<br>materia de prevenci\u00f3n de marea roja, a trav\u00e9s de una serie de talleres dirigidos a estudiantes de<br>quinto y s\u00e9ptimo b\u00e1sico de distintos establecimientos educacionales de la regi\u00f3n. Estas instancias<br>formativas permitieron que m\u00e1s de 700 ni\u00f1os y ni\u00f1as adquirieran conocimientos sobre este<br>fen\u00f3meno natural y las medidas necesarias para prevenir riesgos a la salud.<br>Las actividades fueron desarrolladas por el equipo del Programa de Marea Roja de la Autoridad<br>Sanitaria y se enfocaron en explicar, de manera did\u00e1ctica y participativa, los peligros asociados al<br>consumo de mariscos contaminados con toxinas marinas, la importancia de comprar mariscos en<br>lugares autorizados y siempre solicitar el informe de an\u00e1lisis de laboratorio realizados por la<br>Seremi de Salud antes del consumo. En total se realizaron 22 talleres en diversos establecimientos<br>educacionales.<br>La metodolog\u00eda utilizada combin\u00f3 exposiciones educativas, material audiovisual y recursos l\u00fadicos,<br>como libros para colorear, juegos y material informativo, lo que favoreci\u00f3 la participaci\u00f3n de los<br>estudiantes y un positivo inter\u00e9s por parte de las comunidades educativas.<br>Al respecto, el Seremi de Salud (S), Eduardo Castillo, destac\u00f3 la importancia del trabajo realizado<br>directamente en los establecimientos educacionales, se\u00f1alando que estas acciones en terreno<br>permiten acercar la prevenci\u00f3n a los ni\u00f1os y ni\u00f1as desde una etapa temprana. \u201cHemos tenido una<br>muy buena acogida por parte de los colegios, que nos han recibido con gran disposici\u00f3n,<br>entendiendo que estas tem\u00e1ticas forman parte del cuidado diario de la salud en nuestra regi\u00f3n.<br>Este trabajo conjunto nos permite fomentar, desde edades tempranas, h\u00e1bitos de autocuidado y<br>conciencia frente a la marea roja, y a su vez, que estos mensajes sean transmitidos por los ni\u00f1os y<br>ni\u00f1as a sus familias\u201d, detall\u00f3.<br>En tanto, Daniela P\u00e9rez, profesional del Departamento de Acci\u00f3n Sanitaria y encargada de los<br>talleres, se\u00f1al\u00f3 que \u201cdurante el 2025 estuvimos realizando charlas de contenido de marea roja en<br>distintos establecimientos educacionales de la regi\u00f3n, tanto p\u00fablicos como privados, difundiendo<br>toda la informaci\u00f3n para los ni\u00f1os de quinto y s\u00e9ptimo b\u00e1sico sobre marea roja para la prevenci\u00f3n<br>y cuidado en esta materia. El balance ha sido positivo con una excelente recepci\u00f3n por parte de los<br>profesores al igual que de los ni\u00f1os\u201d.<br>Con relaci\u00f3n a la forma en que se desarrollaron los talleres, Daniela P\u00e9rez se\u00f1al\u00f3 que estos<br>contemplaron la presentaci\u00f3n de un video educativo sobre la marea roja y su prevenci\u00f3n.<br>Posteriormente, se aplic\u00f3 una evaluaci\u00f3n para verificar la comprensi\u00f3n de los contenidos<br>abordados, junto con la realizaci\u00f3n de actividades pr\u00e1cticas orientadas a mostrar la fauna marina<\/p>\n\n\n\n<p>afectada por este fen\u00f3meno. Finalmente, se efectu\u00f3 la entrega de libros para pintar y juegos de<br>mesa a los ni\u00f1os y ni\u00f1as, destacando su buen comportamiento y la buena disposici\u00f3n demostrada<br>durante las jornadas.<br>Estas acciones se enmarcan en la estrategia permanente de educaci\u00f3n de la Autoridad Sanitaria<br>Regional, orientada a proteger la salud de la poblaci\u00f3n y a fortalecer la prevenci\u00f3n frente a<br>fen\u00f3menos recurrentes en la regi\u00f3n, como la marea roja en Magallanes.<\/p>\n","protected":false},"excerpt":{"rendered":"<p>La Seremi de Salud de Magallanes destac\u00f3 el trabajo educativo realizado durante el a\u00f1o 2025 enmateria de prevenci\u00f3n de marea roja, a trav\u00e9s de una serie de talleres dirigidos a&#8230; <a class=\"read-more\" href=\"https:\/\/www.radiopresidenteibanez.cl\/web\/seremi-de-salud-magallanes-realiza-positivo-balance-de-talleres-educativos-de-prevencion-de-marea-roja-2025\/\">Leer m\u00e1s<\/a><\/p>\n","protected":false},"author":2,"featured_media":62030,"comment_status":"closed","ping_status":"closed","sticky":false,"template":"","format":"standard","meta":{"footnotes":""},"categories":[1],"tags":[],"class_list":["post-62029","post","type-post","status-publish","format-standard","has-post-thumbnail","hentry","category-cronica"],"_links":{"self":[{"href":"https:\/\/www.radiopresidenteibanez.cl\/web\/wp-json\/wp\/v2\/posts\/62029","targetHints":{"allow":["GET"]}}],"collection":[{"href":"https:\/\/www.radiopresidenteibanez.cl\/web\/wp-json\/wp\/v2\/posts"}],"about":[{"href":"https:\/\/www.radiopresidenteibanez.cl\/web\/wp-json\/wp\/v2\/types\/post"}],"author":[{"embeddable":true,"href":"https:\/\/www.radiopresidenteibanez.cl\/web\/wp-json\/wp\/v2\/users\/2"}],"replies":[{"embeddable":true,"href":"https:\/\/www.radiopresidenteibanez.cl\/web\/wp-json\/wp\/v2\/comments?post=62029"}],"version-history":[{"count":1,"href":"https:\/\/www.radiopresidenteibanez.cl\/web\/wp-json\/wp\/v2\/posts\/62029\/revisions"}],"predecessor-version":[{"id":62031,"href":"https:\/\/www.radiopresidenteibanez.cl\/web\/wp-json\/wp\/v2\/posts\/62029\/revisions\/62031"}],"wp:featuredmedia":[{"embeddable":true,"href":"https:\/\/www.radiopresidenteibanez.cl\/web\/wp-json\/wp\/v2\/media\/62030"}],"wp:attachment":[{"href":"https:\/\/www.radiopresidenteibanez.cl\/web\/wp-json\/wp\/v2\/media?parent=62029"}],"wp:term":[{"taxonomy":"category","embeddable":true,"href":"https:\/\/www.radiopresidenteibanez.cl\/web\/wp-json\/wp\/v2\/categories?post=62029"},{"taxonomy":"post_tag","embeddable":true,"href":"https:\/\/www.radiopresidenteibanez.cl\/web\/wp-json\/wp\/v2\/tags?post=62029"}],"curies":[{"name":"wp","href":"https:\/\/api.w.org\/{rel}","templated":true}]}}