{"id":62026,"date":"2026-01-27T13:09:00","date_gmt":"2026-01-27T16:09:00","guid":{"rendered":"https:\/\/www.radiopresidenteibanez.cl\/web\/?p=62026"},"modified":"2026-01-27T10:49:28","modified_gmt":"2026-01-27T13:49:28","slug":"servicio-de-reinsercion-social-se-corono-campeon-de-voleibol-mixto","status":"publish","type":"post","link":"https:\/\/www.radiopresidenteibanez.cl\/web\/servicio-de-reinsercion-social-se-corono-campeon-de-voleibol-mixto\/","title":{"rendered":"SERVICIO DE REINSERCI\u00d3N SOCIAL SE CORON\u00d3 CAMPE\u00d3N DE V\u00d3LEIBOL MIXTO"},"content":{"rendered":"\n<p>En las instalaciones del Gimnasio del Polideportivo 18 de Septiembre, se llev\u00f3 a cabo el Campeonato de V\u00f3leibol Mixto de Funcionarios de Servicios P\u00fablicos, iniciativa que fue impulsada por el Servicio de Reinserci\u00f3n Social Juvenil de Magallanes como una invitaci\u00f3n a fortalecer los v\u00ednculos entre servicios p\u00fablicos, promoviendo la participaci\u00f3n, el trabajo en equipo y el bienestar de quienes, desde distintas funciones y roles, cumplen d\u00eda a d\u00eda una labor fundamental al servicio de la comunidad.<\/p>\n\n\n\n<p>La actividad congreg\u00f3 a equipos mixtos de funcionarios y funcionarias del Gobierno Regional, Servicio Nacional de Pesca y Acuicultura &#8211; SERNAPESCA, Servicio Agr\u00edcola y Ganadero &#8211; SAG, Ministerio de Obras P\u00fablicas &#8211; MOP, Gendarmer\u00eda de Chile, INACH y PDI quienes junto al equipo anfitri\u00f3n del Servicio de Reinserci\u00f3n Social Juvenil,&nbsp; disputaron la copa deportiva en una jornada que se extendi\u00f3 durante todo el s\u00e1bado 24 de enero, reflejando as\u00ed el compromiso y disposici\u00f3n a participar activamente en espacios de encuentro y colaboraci\u00f3n interinstitucional.<\/p>\n\n\n\n<p>Este campeonato adquiri\u00f3 un significado especial al desarrollarse en el marco de la conmemoraci\u00f3n del&nbsp;<strong>primer aniversario del Servicio de Reinserci\u00f3n Social Juvenil<\/strong>, una instituci\u00f3n joven que, desde su creaci\u00f3n, ha asumido con responsabilidad y convicci\u00f3n el desaf\u00edo de acompa\u00f1ar procesos de cambio, generar oportunidades y contribuir a una sociedad m\u00e1s justa, inclusiva y cohesionada.<\/p>\n\n\n\n<p>\u201cHemos querido conmemorar este primer a\u00f1o de vida institucional a trav\u00e9s del deporte, y particularmente a trav\u00e9s del&nbsp;<strong>voleibol mixto<\/strong>, entendiendo que esta modalidad simboliza valores que promovemos como servicio p\u00fablico: la igualdad, la inclusi\u00f3n, el respeto mutuo y la colaboraci\u00f3n entre hombres y mujeres en un mismo equipo, donde todas y todos aportan desde sus capacidades y fortalezas\u201d, destac\u00f3&nbsp;<strong>Rodrigo Trujillo, jefe t\u00e9cnico regional y Director Regional (S) de Reinserci\u00f3n Social Juvenil<\/strong>&nbsp;quien dio por inaugurada la jornada deportiva.<\/p>\n\n\n\n<p>En la cancha se disputaron no s\u00f3lo ajustados partidos, sino que tambi\u00e9n se evidenci\u00f3 la demostraci\u00f3n de juego limpio, respeto, disciplina, solidaridad y cooperaci\u00f3n, principios que tambi\u00e9n orientan al Servicio de Reinserci\u00f3n Social Juvenil cuya instalaci\u00f3n en la regi\u00f3n se concret\u00f3 el 13 de enero de 2025, &nbsp;dando paso a esta nueva institucionalidad especializada y responsable de administrar y ejecutar las medidas y sanciones contempladas por la ley N\u00b020.084 mediante la elaboraci\u00f3n e implementaci\u00f3n de pol\u00edticas y programas que contribuyan a la modificaci\u00f3n de la conducta delictiva y la reinserci\u00f3n social de los j\u00f3venes.<\/p>\n\n\n\n<p>\u201cRespecto al campeonato, me siento inmensamente orgulloso por lo realizado en este primer campeonato de aniversario de v\u00f3leibol mixto, en conmemoraci\u00f3n del primer a\u00f1o como servicio en la regi\u00f3n. Fue una jornada extensa, pero a la vez gratificante al ver el compromiso de los servicios invitados y el respeto que hubo antes, durante y al t\u00e9rmino de la actividad. Esta iniciativa comenz\u00f3 con una idea y termin\u00f3 siendo realidad para el equipo de Reinserci\u00f3n, sin dejar de lado las gestiones de nuestro Director Regional para conseguir un gimnasio al recurrir al IND, que por lo dem\u00e1s sus funcionarios se portaron excelente y con toda la disposici\u00f3n a ayudar\u201d, as\u00ed lo destac\u00f3&nbsp;<strong>C\u00e9sar \u00c1lvarez, funcionario del Servicio de Reinserci\u00f3n Social Juvenil que desempe\u00f1a labores administrativas en el Centro de Cumplimiento Juvenil<\/strong>.<\/p>\n\n\n\n<p>\u00c1lvarez fue el funcionario designado para organizar este campeonato que, como explica, \u201cengrandeci\u00f3 a\u00fan m\u00e1s esta actividad, que m\u00e1s que un campeonato, fue como una jornada de autocuidado entre servicios\u201d, relev\u00f3.<\/p>\n\n\n\n<p>Tras el avance de los partidos, finalmente el equipo representativo del Servicio de Reinserci\u00f3n Social Juvenil se impuso frente a sus contendores, quejando as\u00ed la tabla de ganadores:<\/p>\n\n\n\n<p>1\u00b0 lugar: Servicio de Reinserci\u00f3n Social Juvenil de Magallanes<\/p>\n\n\n\n<p>2\u00b0 lugar: MOP Magallanes<\/p>\n\n\n\n<p>3\u00b0 lugar: Genchi-PDI<\/p>\n\n\n\n<p>4\u00b0 lugar: Gore-Inach<\/p>\n\n\n\n<p>5\u00b0 lugar: SAG Magallanes<\/p>\n\n\n\n<p>6\u00b0 lugar: Sernapesca<\/p>\n","protected":false},"excerpt":{"rendered":"<p>En las instalaciones del Gimnasio del Polideportivo 18 de Septiembre, se llev\u00f3 a cabo el Campeonato de V\u00f3leibol Mixto de Funcionarios de Servicios P\u00fablicos, iniciativa que fue impulsada por el&#8230; <a class=\"read-more\" href=\"https:\/\/www.radiopresidenteibanez.cl\/web\/servicio-de-reinsercion-social-se-corono-campeon-de-voleibol-mixto\/\">Leer m\u00e1s<\/a><\/p>\n","protected":false},"author":2,"featured_media":62027,"comment_status":"closed","ping_status":"closed","sticky":false,"template":"","format":"standard","meta":{"footnotes":""},"categories":[1],"tags":[],"class_list":["post-62026","post","type-post","status-publish","format-standard","has-post-thumbnail","hentry","category-cronica"],"_links":{"self":[{"href":"https:\/\/www.radiopresidenteibanez.cl\/web\/wp-json\/wp\/v2\/posts\/62026","targetHints":{"allow":["GET"]}}],"collection":[{"href":"https:\/\/www.radiopresidenteibanez.cl\/web\/wp-json\/wp\/v2\/posts"}],"about":[{"href":"https:\/\/www.radiopresidenteibanez.cl\/web\/wp-json\/wp\/v2\/types\/post"}],"author":[{"embeddable":true,"href":"https:\/\/www.radiopresidenteibanez.cl\/web\/wp-json\/wp\/v2\/users\/2"}],"replies":[{"embeddable":true,"href":"https:\/\/www.radiopresidenteibanez.cl\/web\/wp-json\/wp\/v2\/comments?post=62026"}],"version-history":[{"count":1,"href":"https:\/\/www.radiopresidenteibanez.cl\/web\/wp-json\/wp\/v2\/posts\/62026\/revisions"}],"predecessor-version":[{"id":62028,"href":"https:\/\/www.radiopresidenteibanez.cl\/web\/wp-json\/wp\/v2\/posts\/62026\/revisions\/62028"}],"wp:featuredmedia":[{"embeddable":true,"href":"https:\/\/www.radiopresidenteibanez.cl\/web\/wp-json\/wp\/v2\/media\/62027"}],"wp:attachment":[{"href":"https:\/\/www.radiopresidenteibanez.cl\/web\/wp-json\/wp\/v2\/media?parent=62026"}],"wp:term":[{"taxonomy":"category","embeddable":true,"href":"https:\/\/www.radiopresidenteibanez.cl\/web\/wp-json\/wp\/v2\/categories?post=62026"},{"taxonomy":"post_tag","embeddable":true,"href":"https:\/\/www.radiopresidenteibanez.cl\/web\/wp-json\/wp\/v2\/tags?post=62026"}],"curies":[{"name":"wp","href":"https:\/\/api.w.org\/{rel}","templated":true}]}}