{"id":62015,"date":"2026-01-27T10:21:00","date_gmt":"2026-01-27T13:21:00","guid":{"rendered":"https:\/\/www.radiopresidenteibanez.cl\/web\/?p=62015"},"modified":"2026-01-27T09:54:41","modified_gmt":"2026-01-27T12:54:41","slug":"estudiantes-de-santo-tomas-impulsan-campana-solidaria-en-apoyo-a-damnificados-por-incendios-en-la-region-del-biobio","status":"publish","type":"post","link":"https:\/\/www.radiopresidenteibanez.cl\/web\/estudiantes-de-santo-tomas-impulsan-campana-solidaria-en-apoyo-a-damnificados-por-incendios-en-la-region-del-biobio\/","title":{"rendered":"Estudiantes de Santo Tom\u00e1s impulsan campa\u00f1a solidaria en apoyo a damnificados por incendios en la Regi\u00f3n del Biob\u00edo"},"content":{"rendered":"\n<p>Estudiantes de Santo Tom\u00e1s que participaron en los Trabajos Voluntarios de Verano 2026, desarrollados en la Regi\u00f3n del Biob\u00edo, impulsaron una campa\u00f1a solidaria para ir en apoyo de las familias afectadas por los incendios forestales que se registraron en la zona, pocos d\u00edas despu\u00e9s de su regreso a Punta Arenas.<\/p>\n\n\n\n<p>Durante los trabajos voluntarios, los estudiantes se trasladaron hasta la localidad de Tom\u00e9, Dichato y sectores aleda\u00f1os, donde compartieron directamente con la comunidad y colaboraron en diversas acciones de apoyo social. Tras conocerse la emergencia que afect\u00f3 a estos mismos territorios, el grupo decidi\u00f3 organizar una campa\u00f1a de ayuda, solicitando autorizaci\u00f3n para que la sede de Santo Tom\u00e1s en Punta Arenas funcionara como centro de acopio.<\/p>\n\n\n\n<p>Roberto Oyarzo, estudiante de T\u00e9cnico en Administraci\u00f3n Log\u00edstica y participante de los Trabajos Voluntarios de Verano, lider\u00f3 la actividad y explic\u00f3 que la decisi\u00f3n surgi\u00f3 a partir del v\u00ednculo generado con las personas afectadas. \u201cUnos d\u00edas despu\u00e9s de venirnos comenzaron los incendios, as\u00ed que se nos ocurri\u00f3 como voluntariado de Santo Tom\u00e1s hacer un centro de acopio en ayuda de los damnificados del Biob\u00edo\u201d, se\u00f1al\u00f3.<\/p>\n\n\n\n<p>La primera etapa de la campa\u00f1a finaliz\u00f3 el pasado viernes, logrando una alta convocatoria por parte de la comunidad tomasina y de la ciudadan\u00eda en general. Se recolectaron botellones de agua, \u00fatiles de aseo, alimentos no perecibles y alimento para mascotas, lo que permiti\u00f3 completar casi un cami\u00f3n con ayuda destinada a las zonas afectadas.<\/p>\n\n\n\n<p>Respecto a los resultados de esta primera fase, Oyarzo destac\u00f3 el respaldo recibido. \u201cFue todo un \u00e9xito. Logramos juntar un cami\u00f3n casi repleto, por lo que agradecemos a todas las personas que nos apoyaron, al DAE y a Santo Tom\u00e1s\u201d, indic\u00f3.<\/p>\n\n\n\n<p>Desde el voluntariado, los estudiantes enfatizaron el sentido solidario de la iniciativa, se\u00f1alando que esta campa\u00f1a busca retribuir el apoyo y la cercan\u00eda recibida durante su estad\u00eda en la Regi\u00f3n del Biob\u00edo. \u201cQueremos devolver todo el cari\u00f1o y todo el amor que nos entreg\u00f3 la gente del Biob\u00edo\u201d, agreg\u00f3 el estudiante.<\/p>\n\n\n\n<p>Finalmente, se inform\u00f3 que la campa\u00f1a solidaria continuar\u00e1 durante los pr\u00f3ximos d\u00edas, manteni\u00e9ndose activa la recolecci\u00f3n de alimentos no perecibles, agua, cereales y otros insumos que puedan contribuir a enfrentar la emergencia<\/p>\n","protected":false},"excerpt":{"rendered":"<p>Estudiantes de Santo Tom\u00e1s que participaron en los Trabajos Voluntarios de Verano 2026, desarrollados en la Regi\u00f3n del Biob\u00edo, impulsaron una campa\u00f1a solidaria para ir en apoyo de las familias&#8230; <a class=\"read-more\" href=\"https:\/\/www.radiopresidenteibanez.cl\/web\/estudiantes-de-santo-tomas-impulsan-campana-solidaria-en-apoyo-a-damnificados-por-incendios-en-la-region-del-biobio\/\">Leer m\u00e1s<\/a><\/p>\n","protected":false},"author":2,"featured_media":62020,"comment_status":"closed","ping_status":"closed","sticky":false,"template":"","format":"standard","meta":{"footnotes":""},"categories":[1],"tags":[],"class_list":["post-62015","post","type-post","status-publish","format-standard","has-post-thumbnail","hentry","category-cronica"],"_links":{"self":[{"href":"https:\/\/www.radiopresidenteibanez.cl\/web\/wp-json\/wp\/v2\/posts\/62015","targetHints":{"allow":["GET"]}}],"collection":[{"href":"https:\/\/www.radiopresidenteibanez.cl\/web\/wp-json\/wp\/v2\/posts"}],"about":[{"href":"https:\/\/www.radiopresidenteibanez.cl\/web\/wp-json\/wp\/v2\/types\/post"}],"author":[{"embeddable":true,"href":"https:\/\/www.radiopresidenteibanez.cl\/web\/wp-json\/wp\/v2\/users\/2"}],"replies":[{"embeddable":true,"href":"https:\/\/www.radiopresidenteibanez.cl\/web\/wp-json\/wp\/v2\/comments?post=62015"}],"version-history":[{"count":1,"href":"https:\/\/www.radiopresidenteibanez.cl\/web\/wp-json\/wp\/v2\/posts\/62015\/revisions"}],"predecessor-version":[{"id":62021,"href":"https:\/\/www.radiopresidenteibanez.cl\/web\/wp-json\/wp\/v2\/posts\/62015\/revisions\/62021"}],"wp:featuredmedia":[{"embeddable":true,"href":"https:\/\/www.radiopresidenteibanez.cl\/web\/wp-json\/wp\/v2\/media\/62020"}],"wp:attachment":[{"href":"https:\/\/www.radiopresidenteibanez.cl\/web\/wp-json\/wp\/v2\/media?parent=62015"}],"wp:term":[{"taxonomy":"category","embeddable":true,"href":"https:\/\/www.radiopresidenteibanez.cl\/web\/wp-json\/wp\/v2\/categories?post=62015"},{"taxonomy":"post_tag","embeddable":true,"href":"https:\/\/www.radiopresidenteibanez.cl\/web\/wp-json\/wp\/v2\/tags?post=62015"}],"curies":[{"name":"wp","href":"https:\/\/api.w.org\/{rel}","templated":true}]}}