{"id":62012,"date":"2026-01-27T09:32:39","date_gmt":"2026-01-27T12:32:39","guid":{"rendered":"https:\/\/www.radiopresidenteibanez.cl\/web\/?p=62012"},"modified":"2026-01-27T09:32:39","modified_gmt":"2026-01-27T12:32:39","slug":"rio-verde-se-consolida-como-el-epicentro-del-deporte-ecuestre-enla-estancia-las-charas","status":"publish","type":"post","link":"https:\/\/www.radiopresidenteibanez.cl\/web\/rio-verde-se-consolida-como-el-epicentro-del-deporte-ecuestre-enla-estancia-las-charas\/","title":{"rendered":"R\u00cdO VERDE SE CONSOLIDA COMO EL EPICENTRO DEL DEPORTE ECUESTRE ENLA ESTANCIA LAS CHARAS"},"content":{"rendered":"\n<p>\u2013&nbsp;En un marco de naturaleza imponente y bajo un est\u00e1ndar de<br>excelencia deportiva, se llev\u00f3 a cabo la&nbsp;nueva versi\u00f3n del Enduro Ecuestre en la<br>Comuna de R\u00edo Verde. El evento, que forma parte del calendario oficial de la&nbsp;Asociaci\u00f3n<br>Nacional de Enduro Ecuestre, reuni\u00f3 a jinetes, familias y autoridades en una jornada<br>que destac\u00f3 por la armon\u00eda entre el rigor t\u00e9cnico y la identidad patag\u00f3nica.<br>La jornada tuvo como escenario privilegiado la&nbsp;Estancia Las Charas, propiedad de&nbsp;don<br>Rodrigo Mac Lean Boyd, quien generosamente facilit\u00f3 sus tierras para el desarrollo de la<br>competencia. El predio, ubicado frente al Canal Fitz Roy con vistas a la Cordillera Pinto y<br>la Isla Riesco, fue elogiado por los asistentes como uno de los circuitos m\u00e1s hermosos del<br>pa\u00eds.<br>Durante la ceremonia de premiaci\u00f3n, la&nbsp;Alcaldesa de R\u00edo Verde, Tatiana V\u00e1squez<br>Barrientos, entreg\u00f3 un emotivo discurso donde resalt\u00f3 la importancia estrat\u00e9gica de<br>estas actividades para el desarrollo integral de la comuna.&nbsp;\u201cR\u00edo Verde es tierra de jinetes.<br>Al ser sede de una fecha nacional, no solo promovemos el deporte, sino que ponemos en<br>valor nuestra historia y nuestra capacidad de ser anfitriones de excelencia para todo<br>Chile\u201d, se\u00f1al\u00f3 la jefa comunal.<br>La autoridad tambi\u00e9n extendi\u00f3 un especial reconocimiento a los pilares operativos del<br>evento: el equipo de la&nbsp;Direcci\u00f3n de Desarrollo Comunitario (DIDECO)&nbsp;y el personal<br>de&nbsp;servicios menores, cuya labor log\u00edstica fue fundamental para el \u00e9xito de la<br>convocatoria.<br>Por su parte, la presencia de&nbsp;Pablo Llompart Garc\u00eda-Huidobro, Presidente de la<br>Asociaci\u00f3n Nacional de Enduro Ecuestre, subray\u00f3 el nivel de la competencia, la cual<br>cont\u00f3 con un estricto arbitraje a cargo del cuerpo de jueces y un seguimiento exhaustivo<br>del equipo t\u00e9cnico veterinario, garantizando en todo momento el bienestar animal.<br>A nivel local, la organizaci\u00f3n destac\u00f3 la labor de&nbsp;Alejandro Reyes, Presidente del Club<br>de Enduro Ecuestre de R\u00edo Verde, y sus socios, quienes junto al numeroso p\u00fablico<br>asistente, dieron vida a esta fiesta deportiva que une la pasi\u00f3n por el caballo con la vida<br>familiar y el turismo sustentable.<br>Con este evento, la Ilustre Municipalidad de R\u00edo Verde reafirma su compromiso con el<br>fomento de actividades que fortalezcan el tejido social y posicionen a la comuna como un<br>destino l\u00edder para el deporte de alta resistencia en la Regi\u00f3n de Magallanes.<br>Recepci\u00f3n de los Participantes y P\u00fablico<br>Los competidores resaltaron la exigencia t\u00e9cnica del circuito y la belleza esc\u00e9nica que<br>ofrecen la Isla Riesco y la Cordillera Pinto como tel\u00f3n de fondo. Por su parte, el p\u00fablico<br>asistente valor\u00f3 la seguridad y la organizaci\u00f3n log\u00edstica, destacando a R\u00edo Verde como<br>una plaza de alto est\u00e1ndar para la convivencia familiar en torno a las tradiciones<br>ecuestres.<\/p>\n\n\n\n<p>Con la finalizaci\u00f3n de esta octava versi\u00f3n, la administraci\u00f3n municipal reafirma su pol\u00edtica<br>de apoyo al deporte y a las actividades que proyectan a R\u00edo Verde como un referente de<br>progreso y tradici\u00f3n en la Regi\u00f3n de Magallanes<\/p>\n","protected":false},"excerpt":{"rendered":"<p>\u2013&nbsp;En un marco de naturaleza imponente y bajo un est\u00e1ndar deexcelencia deportiva, se llev\u00f3 a cabo la&nbsp;nueva versi\u00f3n del Enduro Ecuestre en laComuna de R\u00edo Verde. El evento, que forma&#8230; <a class=\"read-more\" href=\"https:\/\/www.radiopresidenteibanez.cl\/web\/rio-verde-se-consolida-como-el-epicentro-del-deporte-ecuestre-enla-estancia-las-charas\/\">Leer m\u00e1s<\/a><\/p>\n","protected":false},"author":2,"featured_media":62013,"comment_status":"closed","ping_status":"closed","sticky":false,"template":"","format":"standard","meta":{"footnotes":""},"categories":[1],"tags":[],"class_list":["post-62012","post","type-post","status-publish","format-standard","has-post-thumbnail","hentry","category-cronica"],"_links":{"self":[{"href":"https:\/\/www.radiopresidenteibanez.cl\/web\/wp-json\/wp\/v2\/posts\/62012","targetHints":{"allow":["GET"]}}],"collection":[{"href":"https:\/\/www.radiopresidenteibanez.cl\/web\/wp-json\/wp\/v2\/posts"}],"about":[{"href":"https:\/\/www.radiopresidenteibanez.cl\/web\/wp-json\/wp\/v2\/types\/post"}],"author":[{"embeddable":true,"href":"https:\/\/www.radiopresidenteibanez.cl\/web\/wp-json\/wp\/v2\/users\/2"}],"replies":[{"embeddable":true,"href":"https:\/\/www.radiopresidenteibanez.cl\/web\/wp-json\/wp\/v2\/comments?post=62012"}],"version-history":[{"count":1,"href":"https:\/\/www.radiopresidenteibanez.cl\/web\/wp-json\/wp\/v2\/posts\/62012\/revisions"}],"predecessor-version":[{"id":62014,"href":"https:\/\/www.radiopresidenteibanez.cl\/web\/wp-json\/wp\/v2\/posts\/62012\/revisions\/62014"}],"wp:featuredmedia":[{"embeddable":true,"href":"https:\/\/www.radiopresidenteibanez.cl\/web\/wp-json\/wp\/v2\/media\/62013"}],"wp:attachment":[{"href":"https:\/\/www.radiopresidenteibanez.cl\/web\/wp-json\/wp\/v2\/media?parent=62012"}],"wp:term":[{"taxonomy":"category","embeddable":true,"href":"https:\/\/www.radiopresidenteibanez.cl\/web\/wp-json\/wp\/v2\/categories?post=62012"},{"taxonomy":"post_tag","embeddable":true,"href":"https:\/\/www.radiopresidenteibanez.cl\/web\/wp-json\/wp\/v2\/tags?post=62012"}],"curies":[{"name":"wp","href":"https:\/\/api.w.org\/{rel}","templated":true}]}}