{"id":62006,"date":"2026-01-26T13:39:00","date_gmt":"2026-01-26T16:39:00","guid":{"rendered":"https:\/\/www.radiopresidenteibanez.cl\/web\/?p=62006"},"modified":"2026-01-26T16:46:51","modified_gmt":"2026-01-26T19:46:51","slug":"tradicion-y-fiesta-familiar-xxxii-festival-dela-esquila-culmina-con-exito-rotundo-y-con-mas-de-7-mil-asistentes-en-villa-tehuelches","status":"publish","type":"post","link":"https:\/\/www.radiopresidenteibanez.cl\/web\/tradicion-y-fiesta-familiar-xxxii-festival-dela-esquila-culmina-con-exito-rotundo-y-con-mas-de-7-mil-asistentes-en-villa-tehuelches\/","title":{"rendered":"Tradici\u00f3n y fiesta familiar: XXXII Festival dela Esquila culmina con \u00e9xito rotundo y con m\u00e1s de 7 mil asistentes en Villa Tehuelches"},"content":{"rendered":"\n<p>Con un marco de p\u00fablico que super\u00f3<br>las 7 mil personas durante el fin de semana y un ambiente marcado por el<br>reencuentro familiar y la tradici\u00f3n, finaliz\u00f3 este domingo la XXXII versi\u00f3n del<br>Festival de la Esquila en la comuna de Laguna Blanca. El evento, consolidado<br>como un hito imperdible en el calendario estival de Magallanes, ofreci\u00f3 dos d\u00edas<br>de intensa actividad campestre y espect\u00e1culos art\u00edsticos de primer nivel.<br>Dos jornadas de cultura viva<br>Las actividades comenzaron el s\u00e1bado con un sello espiritual con la tradicional<br>misa en la Capilla de la villa, seguida del Acto Inaugural. Posteriormente, la<br>destreza se tom\u00f3 el escenario con la 5\u00aa Competencia de Esquila R\u00e1pida en<br>categor\u00edas aprendices (Carancho) y expertos, y el emocionante Campeonato de<br>Tambores. Asimismo, hubo shows art\u00edsticos y grupos folcl\u00f3ricos regionales, que<br>culmin\u00f3 en la primera noche con toda la energ\u00eda juvenil de Benja Duarte, quien<br>hizo cantar a la multitud.<br>El domingo, la emoci\u00f3n se traslad\u00f3 a la Cancha de Jineteadas, donde los<br>asistentes disfrutaron de la muestra de Movimiento de Perros Ovejeros y de las<br>Jineteadas. Tambi\u00e9n tuvimos shows art\u00edsticos y grupos folcl\u00f3ricos, culminando la<br>fiesta con una medialuna desbordada, bailando al ritmo de la cumbia rom\u00e1ntica de<br>Garras de Amor.<br>Cabe destacar que, en ambas jornadas, adem\u00e1s de los shows estelares, el<br>escenario brill\u00f3 con el talento regional de agrupaciones como el Grupo Fantas\u00eda,<br>Los Pioneros del Sur, Clan Quinchaman, K\u00fctralihue, Altoke Pablito, Jet Set<br>(Tributo a Soda), Sensation Banda, Renacer del Pago, Chamanes de la Patagonia,<\/p>\n\n\n\n<p>COMUNICADO DE PRENSA<\/p>\n\n\n\n<p>Alma, Semilla y Sol, Tus Pr\u00edncipes, El Despertar de los Ruise\u00f1ores, Aguante<br>Pariente, entre otros, quienes mantuvieron el \u00e1nimo en alto durante todo el<br>festival.<br>Sabor y Artesan\u00eda: El coraz\u00f3n del evento<br>Uno de los puntos elogiados por los visitantes fue la rica oferta gastron\u00f3mica y<br>artesanal. Los puestos de comida se convirtieron en una parada obligatoria, donde<br>el protagonista indiscutido fue el cordero al palo, preparado con la maestr\u00eda t\u00edpica<br>de la zona, adem\u00e1s de una variedad de platos tradicionales que deleitaron a los<br>comensales.<br>Paralelamente, la Carpa de Artesanos fue un \u00e9xito rotundo, ofreciendo una vitrina<br>para los emprendedores locales. Los asistentes pudieron adquirir productos \u00fanicos<br>en lana, madera y cuero, dinamizando la econom\u00eda local y poniendo en valor el<br>trabajo manual de los creadores de la comuna y la regi\u00f3n.<br>Balance de la autoridad comunal<br>El alcalde de Laguna Blanca, Fernando Ojeda Gonz\u00e1lez, entreg\u00f3 un balance<br>satisfactorio de la actividad, valorando el comportamiento de los asistentes y la<br>calidad de la parrilla program\u00e1tica.<br>\u00abHaciendo un balance de lo que ha sido esta trig\u00e9sima segunda versi\u00f3n del<br>Festival de la Esquila, podemos decir que es positivo. Tuvimos un d\u00eda s\u00e1bado con<br>bastante asistencia de p\u00fablico, donde la gente disfrut\u00f3 de las distintas ofertas que<br>ten\u00edamos, partiendo por la parte gastron\u00f3mica, donde hubo mucha afluencia, y la<br>carpa donde estuvieron los artesanos, que fue muy visitada\u00bb, se\u00f1al\u00f3 el edil.<br>La autoridad comunal destac\u00f3 hitos espec\u00edficos que elevaron el nivel del evento,<br>afirmando que \u00abrealmente hubo una asistencia muy importante con la exposici\u00f3n<br>de caballos de raza chilena y la Escuadra Patag\u00f3nica, a quienes agradezco haber<br>venido desde Cerro Castillo, seguidos por la carrera de tambores, la competencia<br>de esquila y los distintos shows art\u00edsticos que la gente disfrut\u00f3\u00bb.<br>Finalmente, sobre la jornada de cierre, Ojeda agreg\u00f3 que \u00abel domingo lleg\u00f3 mucha<br>gente desde temprano. Partimos en la cancha con la competencia de perros<br>ovejeros y la jineteada, que todos sabemos que la gente de Magallanes sigue<br>mucho. El balance es positivo, toda la gente disfrut\u00f3 y lo \u00fanico que uno pide es<\/p>\n\n\n\n<p>COMUNICADO DE PRENSA<\/p>\n\n\n\n<p>que lleguen tranquilos a sus casas tras haber disfrutado de una linda fiesta. Como<br>comuna de Laguna Blanca, estamos felices por este 32\u00ba Festival de la Esquila\u00bb.<br>Solidaridad<br>M\u00e1s all\u00e1 de la fiesta, el evento tambi\u00e9n tuvo un rol social clave. El \u00abPunto de<br>Acopio\u00bb en la Biblioteca M\u00f3vil logr\u00f3 recolectar ayuda significativa (alimentos y<br>enseres) para los damnificados por los incendios forestales en el norte del pa\u00eds,<br>canalizando la solidaridad de los magall\u00e1nicos hacia quienes m\u00e1s lo necesitan<br>hoy.<br>Agradecimientos<br>El municipio agradece primeramente el apoyo del Concejo Municipal, quienes<br>permitieron la inversi\u00f3n para realizar este evento. A su vez, se extiende el<br>agradecimiento a los funcionarios municipales, auspiciadores, colaboradores, por<br>su despliegue y apoyo, siendo fundamentales para que estas m\u00e1s de 7 mil<br>personas disfrutaran de un entorno seguro y familiar.<br>Por \u00faltimo, se agradece al Gobierno Regional de Magallanes y de la Ant\u00e1rtica<br>Chilena y a sus consejeros, por su aporte al Festival a trav\u00e9s del financiamiento<br>FNDR 8%.<\/p>\n","protected":false},"excerpt":{"rendered":"<p>Con un marco de p\u00fablico que super\u00f3las 7 mil personas durante el fin de semana y un ambiente marcado por elreencuentro familiar y la tradici\u00f3n, finaliz\u00f3 este domingo la XXXII&#8230; <a class=\"read-more\" href=\"https:\/\/www.radiopresidenteibanez.cl\/web\/tradicion-y-fiesta-familiar-xxxii-festival-dela-esquila-culmina-con-exito-rotundo-y-con-mas-de-7-mil-asistentes-en-villa-tehuelches\/\">Leer m\u00e1s<\/a><\/p>\n","protected":false},"author":2,"featured_media":62007,"comment_status":"closed","ping_status":"closed","sticky":false,"template":"","format":"standard","meta":{"footnotes":""},"categories":[1],"tags":[],"class_list":["post-62006","post","type-post","status-publish","format-standard","has-post-thumbnail","hentry","category-cronica"],"_links":{"self":[{"href":"https:\/\/www.radiopresidenteibanez.cl\/web\/wp-json\/wp\/v2\/posts\/62006","targetHints":{"allow":["GET"]}}],"collection":[{"href":"https:\/\/www.radiopresidenteibanez.cl\/web\/wp-json\/wp\/v2\/posts"}],"about":[{"href":"https:\/\/www.radiopresidenteibanez.cl\/web\/wp-json\/wp\/v2\/types\/post"}],"author":[{"embeddable":true,"href":"https:\/\/www.radiopresidenteibanez.cl\/web\/wp-json\/wp\/v2\/users\/2"}],"replies":[{"embeddable":true,"href":"https:\/\/www.radiopresidenteibanez.cl\/web\/wp-json\/wp\/v2\/comments?post=62006"}],"version-history":[{"count":1,"href":"https:\/\/www.radiopresidenteibanez.cl\/web\/wp-json\/wp\/v2\/posts\/62006\/revisions"}],"predecessor-version":[{"id":62008,"href":"https:\/\/www.radiopresidenteibanez.cl\/web\/wp-json\/wp\/v2\/posts\/62006\/revisions\/62008"}],"wp:featuredmedia":[{"embeddable":true,"href":"https:\/\/www.radiopresidenteibanez.cl\/web\/wp-json\/wp\/v2\/media\/62007"}],"wp:attachment":[{"href":"https:\/\/www.radiopresidenteibanez.cl\/web\/wp-json\/wp\/v2\/media?parent=62006"}],"wp:term":[{"taxonomy":"category","embeddable":true,"href":"https:\/\/www.radiopresidenteibanez.cl\/web\/wp-json\/wp\/v2\/categories?post=62006"},{"taxonomy":"post_tag","embeddable":true,"href":"https:\/\/www.radiopresidenteibanez.cl\/web\/wp-json\/wp\/v2\/tags?post=62006"}],"curies":[{"name":"wp","href":"https:\/\/api.w.org\/{rel}","templated":true}]}}