{"id":62003,"date":"2026-01-26T18:36:00","date_gmt":"2026-01-26T21:36:00","guid":{"rendered":"https:\/\/www.radiopresidenteibanez.cl\/web\/?p=62003"},"modified":"2026-01-26T16:32:59","modified_gmt":"2026-01-26T19:32:59","slug":"invitan-a-primera-plaza-de-justicia-el-miercoles-28-en-el-cesfam-fenton","status":"publish","type":"post","link":"https:\/\/www.radiopresidenteibanez.cl\/web\/invitan-a-primera-plaza-de-justicia-el-miercoles-28-en-el-cesfam-fenton\/","title":{"rendered":"INVITAN A PRIMERA \u201cPLAZA DE JUSTICIA\u201d EL MI\u00c9RCOLES 28 EN EL CESFAM FENTON"},"content":{"rendered":"\n<p>Este mi\u00e9rcoles 28, de 08:30 a 11:30 horas los servicios del sector Justicia llevar\u00e1n su oferta<br>habitual hasta el sector norte de la ciudad, con motivo de la realizaci\u00f3n de su primera \u201cPlaza de<br>Justicia y Derechos Humanos\u201d de 2026. La actividad, organizada por la Secretar\u00eda Regional<br>Ministerial de Justicia y DD.HH., tendr\u00e1 lugar en el CESFAM Dr. Thomas Fenton (Suiza N\u00b001441,<br>sector Las Naciones).<br>All\u00ed, se otorgar\u00e1n diversas atenciones en terreno por parte de los servicios del Ministerio de<br>Justicia y Derechos Humanos: Servicio de Registro Civil e Identificaci\u00f3n, Corporaci\u00f3n de Asistencia<br>Judicial, Defensor\u00eda Penal P\u00fablica, Gendarmer\u00eda de Chile, Servicio Nacional de Reinserci\u00f3n Social<br>Juvenil y Servicio M\u00e9dico Legal.<br>La Seremi de Justicia y DD.HH., Michelle Peutat Alvarado, formul\u00f3 un llamado a la comunidad a<br>formul\u00f3 un llamado a la comunidad a hacerse parte de este nuevo operativo, que busca responder<br>dudas, dar orientaciones y gestionar diversos tr\u00e1mites. Entre ellos, figura la renovaci\u00f3n de c\u00e9dulas<br>de identidad, activaci\u00f3n de la Clave \u00danica, asesor\u00eda y orientaci\u00f3n jur\u00eddica gratuita en los \u00e1mbitos<br>de familia, civil, penal y Derechos Humanos, eliminaci\u00f3n de antecedentes penales, entre otras<br>prestaciones.<br>Finalmente, inst\u00f3 a la ciudadan\u00eda a revisar peri\u00f3dicamente las redes sociales de la SEREM\u00cdA de<br>Justicia y DD.HH., en las cuales se informar\u00e1 oportunamente sobre fechas y lugares de nuevas<br>actividades de difusi\u00f3n, promoci\u00f3n y atenciones extraordinarias en la comuna y en la regi\u00f3n.<\/p>\n","protected":false},"excerpt":{"rendered":"<p>Este mi\u00e9rcoles 28, de 08:30 a 11:30 horas los servicios del sector Justicia llevar\u00e1n su ofertahabitual hasta el sector norte de la ciudad, con motivo de la realizaci\u00f3n de su&#8230; <a class=\"read-more\" href=\"https:\/\/www.radiopresidenteibanez.cl\/web\/invitan-a-primera-plaza-de-justicia-el-miercoles-28-en-el-cesfam-fenton\/\">Leer m\u00e1s<\/a><\/p>\n","protected":false},"author":2,"featured_media":62004,"comment_status":"closed","ping_status":"closed","sticky":false,"template":"","format":"standard","meta":{"footnotes":""},"categories":[1],"tags":[],"class_list":["post-62003","post","type-post","status-publish","format-standard","has-post-thumbnail","hentry","category-cronica"],"_links":{"self":[{"href":"https:\/\/www.radiopresidenteibanez.cl\/web\/wp-json\/wp\/v2\/posts\/62003","targetHints":{"allow":["GET"]}}],"collection":[{"href":"https:\/\/www.radiopresidenteibanez.cl\/web\/wp-json\/wp\/v2\/posts"}],"about":[{"href":"https:\/\/www.radiopresidenteibanez.cl\/web\/wp-json\/wp\/v2\/types\/post"}],"author":[{"embeddable":true,"href":"https:\/\/www.radiopresidenteibanez.cl\/web\/wp-json\/wp\/v2\/users\/2"}],"replies":[{"embeddable":true,"href":"https:\/\/www.radiopresidenteibanez.cl\/web\/wp-json\/wp\/v2\/comments?post=62003"}],"version-history":[{"count":1,"href":"https:\/\/www.radiopresidenteibanez.cl\/web\/wp-json\/wp\/v2\/posts\/62003\/revisions"}],"predecessor-version":[{"id":62005,"href":"https:\/\/www.radiopresidenteibanez.cl\/web\/wp-json\/wp\/v2\/posts\/62003\/revisions\/62005"}],"wp:featuredmedia":[{"embeddable":true,"href":"https:\/\/www.radiopresidenteibanez.cl\/web\/wp-json\/wp\/v2\/media\/62004"}],"wp:attachment":[{"href":"https:\/\/www.radiopresidenteibanez.cl\/web\/wp-json\/wp\/v2\/media?parent=62003"}],"wp:term":[{"taxonomy":"category","embeddable":true,"href":"https:\/\/www.radiopresidenteibanez.cl\/web\/wp-json\/wp\/v2\/categories?post=62003"},{"taxonomy":"post_tag","embeddable":true,"href":"https:\/\/www.radiopresidenteibanez.cl\/web\/wp-json\/wp\/v2\/tags?post=62003"}],"curies":[{"name":"wp","href":"https:\/\/api.w.org\/{rel}","templated":true}]}}