{"id":62000,"date":"2026-01-26T17:04:00","date_gmt":"2026-01-26T20:04:00","guid":{"rendered":"https:\/\/www.radiopresidenteibanez.cl\/web\/?p=62000"},"modified":"2026-01-26T16:19:01","modified_gmt":"2026-01-26T19:19:01","slug":"aumento-de-frecuencias-fortalece-la-conectividad-entre-punta-arenas-y-porvenir","status":"publish","type":"post","link":"https:\/\/www.radiopresidenteibanez.cl\/web\/aumento-de-frecuencias-fortalece-la-conectividad-entre-punta-arenas-y-porvenir\/","title":{"rendered":"Aumento de frecuencias fortalece la conectividad entre Punta Arenas y Porvenir"},"content":{"rendered":"\n<p>Una excelente acogida recibi\u00f3 por parte de los pasajeros el aumento de frecuencias diarias a Porvenir establecidas por TABSA como una forma de responder a la mayor demanda tur\u00edstica y a las necesidades de conectividad de la comunidad fueguina. El aumento de salidas ha permitido mejorar la disponibilidad de plazas y reducir los tiempos de espera para pasajeros y veh\u00edculos.<\/p>\n\n\n\n<p>As\u00ed lo destac\u00f3 el Subgerente de Conectividad y Servicio al Cliente, Sebasti\u00e1n Timis, quien se\u00f1al\u00f3 que \u201cestamos muy satisfechos con la respuesta de la comunidad y los turistas. El aumento de frecuencias del Pathagon refleja nuestro compromiso por garantizar una conectividad fluida entre Punta Arenas y Porvenir en los meses de mayor demanda, y seguiremos monitoreando las necesidades de nuestros usuarios para ajustar la oferta y mantener altos est\u00e1ndares de servicio\u201d.<\/p>\n\n\n\n<p>Desde el inicio del refuerzo estacional, el Pathagon ha registrado una notable acogida entre los pasajeros, registrando elevados \u00edndices de ocupaci\u00f3n y comentarios positivos. El refuerzo operativo fue coordinado para ofrecer mayor flexibilidad en los horarios, facilitar la movilidad durante festividades y apoyar el flujo tur\u00edstico hacia Tierra del Fuego.<\/p>\n\n\n\n<p>Desde la compa\u00f1\u00eda se destac\u00f3 que las medidas incluyen refuerzo de tripulaci\u00f3n y optimizaci\u00f3n de operaciones para mantener la regularidad y la seguridad del servicio, as\u00ed como informaci\u00f3n actualizada a trav\u00e9s de su web (<a href=\"http:\/\/tabsa.cl\/\" target=\"_blank\" rel=\"noreferrer noopener\">tabsa.cl<\/a>) y redes sociales para que los pasajeros planifiquen sus viajes con antelaci\u00f3n.<\/p>\n","protected":false},"excerpt":{"rendered":"<p>Una excelente acogida recibi\u00f3 por parte de los pasajeros el aumento de frecuencias diarias a Porvenir establecidas por TABSA como una forma de responder a la mayor demanda tur\u00edstica y&#8230; <a class=\"read-more\" href=\"https:\/\/www.radiopresidenteibanez.cl\/web\/aumento-de-frecuencias-fortalece-la-conectividad-entre-punta-arenas-y-porvenir\/\">Leer m\u00e1s<\/a><\/p>\n","protected":false},"author":2,"featured_media":62001,"comment_status":"closed","ping_status":"closed","sticky":false,"template":"","format":"standard","meta":{"footnotes":""},"categories":[1],"tags":[],"class_list":["post-62000","post","type-post","status-publish","format-standard","has-post-thumbnail","hentry","category-cronica"],"_links":{"self":[{"href":"https:\/\/www.radiopresidenteibanez.cl\/web\/wp-json\/wp\/v2\/posts\/62000","targetHints":{"allow":["GET"]}}],"collection":[{"href":"https:\/\/www.radiopresidenteibanez.cl\/web\/wp-json\/wp\/v2\/posts"}],"about":[{"href":"https:\/\/www.radiopresidenteibanez.cl\/web\/wp-json\/wp\/v2\/types\/post"}],"author":[{"embeddable":true,"href":"https:\/\/www.radiopresidenteibanez.cl\/web\/wp-json\/wp\/v2\/users\/2"}],"replies":[{"embeddable":true,"href":"https:\/\/www.radiopresidenteibanez.cl\/web\/wp-json\/wp\/v2\/comments?post=62000"}],"version-history":[{"count":1,"href":"https:\/\/www.radiopresidenteibanez.cl\/web\/wp-json\/wp\/v2\/posts\/62000\/revisions"}],"predecessor-version":[{"id":62002,"href":"https:\/\/www.radiopresidenteibanez.cl\/web\/wp-json\/wp\/v2\/posts\/62000\/revisions\/62002"}],"wp:featuredmedia":[{"embeddable":true,"href":"https:\/\/www.radiopresidenteibanez.cl\/web\/wp-json\/wp\/v2\/media\/62001"}],"wp:attachment":[{"href":"https:\/\/www.radiopresidenteibanez.cl\/web\/wp-json\/wp\/v2\/media?parent=62000"}],"wp:term":[{"taxonomy":"category","embeddable":true,"href":"https:\/\/www.radiopresidenteibanez.cl\/web\/wp-json\/wp\/v2\/categories?post=62000"},{"taxonomy":"post_tag","embeddable":true,"href":"https:\/\/www.radiopresidenteibanez.cl\/web\/wp-json\/wp\/v2\/tags?post=62000"}],"curies":[{"name":"wp","href":"https:\/\/api.w.org\/{rel}","templated":true}]}}