{"id":62,"date":"2018-12-24T21:50:59","date_gmt":"2018-12-24T21:50:59","guid":{"rendered":"http:\/\/www.radiopresidenteibanez.cl\/web\/?p=62"},"modified":"2018-12-24T22:08:23","modified_gmt":"2018-12-24T22:08:23","slug":"el-usuario-mas-joven-de-indap-en-magallanes-trabaja-por-entusiasmar-a-las-nuevas-generaciones-con-la-agricultura","status":"publish","type":"post","link":"https:\/\/www.radiopresidenteibanez.cl\/web\/el-usuario-mas-joven-de-indap-en-magallanes-trabaja-por-entusiasmar-a-las-nuevas-generaciones-con-la-agricultura\/","title":{"rendered":"EL USUARIO M\u00c1S JOVEN DE INDAP EN MAGALLANES TRABAJA POR ENTUSIASMAR A LAS NUEVAS GENERACIONES CON LA AGRICULTURA"},"content":{"rendered":"\n<p>\nCamilo Bustos \nNavarro, de 24 a\u00f1os, es el usuario m\u00e1s joven de INDAP Magallanes. \nConocido en Punta Arenas como el \u201cChico de los Pollos\u201d, produce huevos \nde campo y cuenta con un invernadero donde cultiva plantas medicinales y\n ornamentales y hoy innova con el tomate limachino, para que la \ncomunidad de la zona austral conozca su sabor. \u201cEstoy probando y pienso \nque voy por buen camino\u201d, dice mientras muestra orgulloso un macetero de\n botella pl\u00e1stica reciclada por el que asoman varias pl\u00e1ntulas y a sus \npies una decena de tiestos atesoran las semillas. \u201cCreo que es posible \nproducir tomate limachino, una especie que estaba perdida.\n<br><br>Hace poco m\u00e1s de tres meses Camilo ingres\u00f3 al Programa de Desarrollo\n Local (Prodesal) de Punta Arenas. Desde ah\u00ed, junto a otros 17 j\u00f3venes, \nbusca tomar la posta de la agricultura en la regi\u00f3n y entusiasmar a las \nnuevas generaciones. Para lograrlo -dice- se necesita paciencia y \nresponsabilidad.\n<br><br>La historia av\u00edcola de Camilo comenz\u00f3 a los 7 a\u00f1os, cuando su padre \nle regal\u00f3 tres gallinas. \u201cMe dio la responsabilidad de cuidarlas. Yo iba\n al colegio en la ma\u00f1ana y por las tardes me hac\u00eda cargo de ellas. Desde\n entonces, cada fin de a\u00f1o, con la plata que hab\u00eda juntado, compraba \ntres pollos en la av\u00edcola del se\u00f1or Alfredo \u00d1anculef, un antiguo \ncriador. Le preguntaba todo y me ense\u00f1aba. Hoy con internet se facilitan\n mucho m\u00e1s las cosas\u201d, asevera.\n<br><br>Cuando cursaba cuarto medio trabaj\u00f3 y estudi\u00f3 al mismo tiempo. \nCompr\u00f3 un plantel de pollos y con lo que gan\u00f3 adquiri\u00f3 una incubadora y \nluego otra m\u00e1s grande. Hoy tiene 1.500 gallinas, adem\u00e1s de varios patos y\n gansos, dos \u00f1and\u00faes y un par de caballos, y la gente le va a comprar \nhuevos a su parcela de casi 2 hect\u00e1reas, ubicada en el sector sur de la \ncapital regional.\n<br><br>\u201cEl \u2018Chico de los Pollos\u2019 me dicen mis amigos y la gente que viene a\n comprar. Tambi\u00e9n me pueden llamar por tel\u00e9fono y salgo a repartir\u201d, \nexplica, para luego dar su n\u00famero por si hay interesados \u201cen tener \nhuevos frescos durante las fiestas de fin de a\u00f1o o el verano\u201d (+56 9 \n61302 816).\n<br><br>Camilo tambi\u00e9n comercializa sus productos en las ferias que organiza\n INDAP en distintos servicios p\u00fablicos y espera que las ventas aumenten \nahora que la municipalidad facilit\u00f3 los establecimientos educacionales \ndos veces al mes.\n<br><br>Su d\u00eda laboral se extiende desde las 9 a las 22 horas y a veces \nhasta la medianoche. \u201cAlgunos dicen que empiezo tarde, pero no saben \nhasta la hora que me quedo. Me gusta lo que hago, me siento realizado y \nya tengo en mente levantar otro invernadero\u201d, dice apuntando hacia una \nestructura de pilotes. \n<br><br>Uno de sus grandes desaf\u00edos es encontrar agua, para lo cual baraja \nlas alternativas que propone INDAP: la construcci\u00f3n de un pozo \nsubterr\u00e1neo o bien cosechar aguas lluvias. Hoy riega sus plantas con \nagua potable y el costo es considerable. \u201cQuiero seguir avanzando y \naportando con lo que hago a la comunidad\u201d, aspira.\n<br><br>Para Petar Bradasic, director (s) de INDAP Magallanes, la historia \nde Camilo es digna de elogio y demuestra de manera exitosa que en la \nagricultura hay espacio para los j\u00f3venes. \u201cEllos tienen energ\u00eda, \ninnovaci\u00f3n y no descansan hasta conseguir logros concretos. Nosotros \ntenemos varios instrumentos que apoyan el emprendimiento con un \u00e9nfasis \nespecial en los j\u00f3venes y las mujeres. Los interesados pueden acercarse a\n las distintas agencias de \u00e1rea que hay en la regi\u00f3n\u201d, inst\u00f3.           \n         \n\n<\/p>\n","protected":false},"excerpt":{"rendered":"<p>Camilo Bustos Navarro, de 24 a\u00f1os, es el usuario m\u00e1s joven de INDAP Magallanes. Conocido en Punta Arenas como el \u201cChico de los Pollos\u201d, produce huevos de campo y cuenta&#8230; <a class=\"read-more\" href=\"https:\/\/www.radiopresidenteibanez.cl\/web\/el-usuario-mas-joven-de-indap-en-magallanes-trabaja-por-entusiasmar-a-las-nuevas-generaciones-con-la-agricultura\/\">Leer m\u00e1s<\/a><\/p>\n","protected":false},"author":1,"featured_media":65,"comment_status":"closed","ping_status":"closed","sticky":false,"template":"","format":"standard","meta":{"footnotes":""},"categories":[1,4],"tags":[34,13,33,12,11],"class_list":["post-62","post","type-post","status-publish","format-standard","has-post-thumbnail","hentry","category-cronica","category-entretenimiento-y-cultura","tag-agricultura","tag-chile","tag-indap","tag-magallanes","tag-punta-arenas"],"_links":{"self":[{"href":"https:\/\/www.radiopresidenteibanez.cl\/web\/wp-json\/wp\/v2\/posts\/62","targetHints":{"allow":["GET"]}}],"collection":[{"href":"https:\/\/www.radiopresidenteibanez.cl\/web\/wp-json\/wp\/v2\/posts"}],"about":[{"href":"https:\/\/www.radiopresidenteibanez.cl\/web\/wp-json\/wp\/v2\/types\/post"}],"author":[{"embeddable":true,"href":"https:\/\/www.radiopresidenteibanez.cl\/web\/wp-json\/wp\/v2\/users\/1"}],"replies":[{"embeddable":true,"href":"https:\/\/www.radiopresidenteibanez.cl\/web\/wp-json\/wp\/v2\/comments?post=62"}],"version-history":[{"count":0,"href":"https:\/\/www.radiopresidenteibanez.cl\/web\/wp-json\/wp\/v2\/posts\/62\/revisions"}],"wp:featuredmedia":[{"embeddable":true,"href":"https:\/\/www.radiopresidenteibanez.cl\/web\/wp-json\/wp\/v2\/media\/65"}],"wp:attachment":[{"href":"https:\/\/www.radiopresidenteibanez.cl\/web\/wp-json\/wp\/v2\/media?parent=62"}],"wp:term":[{"taxonomy":"category","embeddable":true,"href":"https:\/\/www.radiopresidenteibanez.cl\/web\/wp-json\/wp\/v2\/categories?post=62"},{"taxonomy":"post_tag","embeddable":true,"href":"https:\/\/www.radiopresidenteibanez.cl\/web\/wp-json\/wp\/v2\/tags?post=62"}],"curies":[{"name":"wp","href":"https:\/\/api.w.org\/{rel}","templated":true}]}}