{"id":61985,"date":"2026-01-26T13:06:00","date_gmt":"2026-01-26T16:06:00","guid":{"rendered":"https:\/\/www.radiopresidenteibanez.cl\/web\/?p=61985"},"modified":"2026-01-26T11:37:31","modified_gmt":"2026-01-26T14:37:31","slug":"del-huerto-a-la-feria-agroecologia-y-produccion-local-en-tierra-del-fuego","status":"publish","type":"post","link":"https:\/\/www.radiopresidenteibanez.cl\/web\/del-huerto-a-la-feria-agroecologia-y-produccion-local-en-tierra-del-fuego\/","title":{"rendered":"Del Huerto a la Feria: agroecolog\u00eda y producci\u00f3n local en Tierra del Fuego"},"content":{"rendered":"\n<p>En plena pampa magall\u00e1nica, donde el viento y el<br>clima imponen condiciones extremas, la agricultura comienza a abrirse paso con<br>fuerza, conocimiento y convicci\u00f3n. En Porvenir, Tierra del Fuego, la visita al predio<br>de Florinda Mu\u00f1oz se transforma en un ejemplo concreto de c\u00f3mo la agroecolog\u00eda<br>y la inversi\u00f3n p\u00fablica articulada pueden cambiar realidades productivas y<br>fortalecer la soberan\u00eda alimentaria regional.<br>Florinda lleg\u00f3 desde Bah\u00eda Murta, en la regi\u00f3n de Ays\u00e9n, con un saber agr\u00edcola<br>que hoy pone en pr\u00e1ctica en su parcela 992 de Porvenir. Socia de INDAP desde<br>2023, inici\u00f3 su camino productivo con el apoyo de programas de inversi\u00f3n,<br>logrando en 2024 su primer invernadero. Hoy, con un segundo invernadero<br>construido en 2025, sistemas de riego por goteo y una producci\u00f3n diversificada de<br>hortalizas \u2014lechugas, cilantro, pepinos y tomates\u2014, ha conseguido duplicar su<br>capacidad productiva en solo dos a\u00f1os.<br>\u201cEmpezamos a postular, a producir, y hoy vendemos nuestros productos en la feria<br>campesina de los s\u00e1bados\u201d, relata Florinda, mientras muestra un predio ordenado,<br>sano y en pleno funcionamiento. Este avance no es aislado. Forma parte de una<br>estrategia m\u00e1s amplia impulsada por el Ministerio de Agricultura, INDAP y el<br>Gobierno Regional, que busca avanzar hacia una agricultura m\u00e1s sustentable,<br>resiliente y con identidad territorial. As\u00ed lo destac\u00f3 Irene Ram\u00edrez, Seremi de<br>Agricultura, durante la visita en terreno: \u201cComo Ministerio queremos avanzar con<br>pasos concretos hacia una agricultura m\u00e1s sostenible, y ejemplos como el de la<br>se\u00f1ora Florinda demuestran que, con programas de inversi\u00f3n y riego, nuestros<br>productores pueden incluso duplicar su producci\u00f3n\u201d.<br>A este trabajo se suma el Programa de Adopci\u00f3n de Innovaciones de FIA, que por<br>segundo a\u00f1o consecutivo cuenta con la asesor\u00eda del Centro de Educaci\u00f3n y<br>Tecnolog\u00eda (CET) Chilo\u00e9, liderado por Carlos Venegas. Su presencia en la regi\u00f3n<br>ha permitido acompa\u00f1ar a agricultores y agricultoras \u2014muchos de ellos<br>participantes de una gira t\u00e9cnica a Chilo\u00e9\u2014 en la implementaci\u00f3n de modelos<br>agroecol\u00f3gicos adaptados al territorio austral, indic\u00f3 el director de INDAP, Gabriel<br>Zgers.<br>\u201cEn Magallanes hay una tremenda potencialidad para desarrollar innovaci\u00f3n desde<br>la sustentabilidad. La agroecolog\u00eda es una oportunidad real de producir alimentos<br>locales, sanos y sin residuos de agroqu\u00edmicos\u201d, se\u00f1al\u00f3 Venegas, destacando<br>adem\u00e1s el rol de mujeres, j\u00f3venes y ganaderos en este proceso.<\/p>\n\n\n\n<p>Para Fernando Carvajal, jefe de \u00e1rea de INDAP Porvenir, Florinda representa el<br>tipo de agricultura que se busca fortalecer: \u201cEs una productora destacada, parte<br>del programa sustentable de INDAP. Hoy su segundo invernadero est\u00e1<br>completamente operativo y eso le permiti\u00f3 duplicar su producci\u00f3n\u201d.<br>Experiencias como la de Florinda en Porvenir dialogan con lo ocurrido<br>recientemente en Punta Arenas, donde en la parcela de do\u00f1a Macsemina<br>Cheuquepil, una veintena de agricultoras participaron en talleres agroecol\u00f3gicos<br>junto a Carlos Venegas, consolidando unidades demostrativas y compartiendo<br>aprendizajes desde el trabajo en terreno.<br>Predios que se transforman en escuelas abiertas, agricultoras que lideran<br>procesos de cambio y una institucionalidad que articula inversi\u00f3n,<br>acompa\u00f1amiento t\u00e9cnico y visi\u00f3n de futuro. As\u00ed, paso a paso, la agroecolog\u00eda<br>comienza a florecer en Magallanes, fortaleciendo una agricultura m\u00e1s sana,<br>sostenible y soberana, hecha desde y para el territorio.<\/p>\n","protected":false},"excerpt":{"rendered":"<p>En plena pampa magall\u00e1nica, donde el viento y elclima imponen condiciones extremas, la agricultura comienza a abrirse paso confuerza, conocimiento y convicci\u00f3n. En Porvenir, Tierra del Fuego, la visita al&#8230; <a class=\"read-more\" href=\"https:\/\/www.radiopresidenteibanez.cl\/web\/del-huerto-a-la-feria-agroecologia-y-produccion-local-en-tierra-del-fuego\/\">Leer m\u00e1s<\/a><\/p>\n","protected":false},"author":2,"featured_media":61986,"comment_status":"closed","ping_status":"closed","sticky":false,"template":"","format":"standard","meta":{"footnotes":""},"categories":[1],"tags":[],"class_list":["post-61985","post","type-post","status-publish","format-standard","has-post-thumbnail","hentry","category-cronica"],"_links":{"self":[{"href":"https:\/\/www.radiopresidenteibanez.cl\/web\/wp-json\/wp\/v2\/posts\/61985","targetHints":{"allow":["GET"]}}],"collection":[{"href":"https:\/\/www.radiopresidenteibanez.cl\/web\/wp-json\/wp\/v2\/posts"}],"about":[{"href":"https:\/\/www.radiopresidenteibanez.cl\/web\/wp-json\/wp\/v2\/types\/post"}],"author":[{"embeddable":true,"href":"https:\/\/www.radiopresidenteibanez.cl\/web\/wp-json\/wp\/v2\/users\/2"}],"replies":[{"embeddable":true,"href":"https:\/\/www.radiopresidenteibanez.cl\/web\/wp-json\/wp\/v2\/comments?post=61985"}],"version-history":[{"count":0,"href":"https:\/\/www.radiopresidenteibanez.cl\/web\/wp-json\/wp\/v2\/posts\/61985\/revisions"}],"wp:featuredmedia":[{"embeddable":true,"href":"https:\/\/www.radiopresidenteibanez.cl\/web\/wp-json\/wp\/v2\/media\/61986"}],"wp:attachment":[{"href":"https:\/\/www.radiopresidenteibanez.cl\/web\/wp-json\/wp\/v2\/media?parent=61985"}],"wp:term":[{"taxonomy":"category","embeddable":true,"href":"https:\/\/www.radiopresidenteibanez.cl\/web\/wp-json\/wp\/v2\/categories?post=61985"},{"taxonomy":"post_tag","embeddable":true,"href":"https:\/\/www.radiopresidenteibanez.cl\/web\/wp-json\/wp\/v2\/tags?post=61985"}],"curies":[{"name":"wp","href":"https:\/\/api.w.org\/{rel}","templated":true}]}}