{"id":61978,"date":"2026-01-26T11:48:00","date_gmt":"2026-01-26T14:48:00","guid":{"rendered":"https:\/\/www.radiopresidenteibanez.cl\/web\/?p=61978"},"modified":"2026-01-26T10:40:53","modified_gmt":"2026-01-26T13:40:53","slug":"diplomado-de-hidrogeno-verde-certifico-a-32-profesionales-de-magallanes-y-otras-regiones-del-pais","status":"publish","type":"post","link":"https:\/\/www.radiopresidenteibanez.cl\/web\/diplomado-de-hidrogeno-verde-certifico-a-32-profesionales-de-magallanes-y-otras-regiones-del-pais\/","title":{"rendered":"Diplomado de Hidr\u00f3geno Verde certific\u00f3 a 32 profesionales de Magallanes y otras regiones del pa\u00eds"},"content":{"rendered":"\n<p>Con una ceremonia realizada en el Auditorio Ernesto Livacic de la Universidad de Magallanes (UMAG), un total de 32 profesionales locales y de otras regiones del pa\u00eds recibieron su certificaci\u00f3n tras culminar exitosamente el diplomado \u201cTecnolog\u00edas de Producci\u00f3n de Hidr\u00f3geno Verde, Aspectos Ambientales y de Seguridad\u201d, instancia formativa orientada a fortalecer el capital humano t\u00e9cnico y profesional para el despliegue de la industria del hidr\u00f3geno y sus derivados.<\/p>\n\n\n\n<p>El diplomado fue impulsado por el Ministerio de Energ\u00eda e impartido por la UMAG a trav\u00e9s de su Facultad de Ingenier\u00eda en alianza acad\u00e9mica con la Universidad de Chile, con una mirada integral sobre la cadena de valor del hidr\u00f3geno verde, abarcando desde las energ\u00edas renovables y desalaci\u00f3n, hasta electr\u00f3lisis, seguridad, regulaci\u00f3n y evaluaci\u00f3n ambiental de proyectos.&nbsp;<\/p>\n\n\n\n<p>Durante la ceremonia, el Seremi de Energ\u00eda de Magallanes, Sergio Cuiti\u00f1o valor\u00f3 el impacto del diplomado en la formaci\u00f3n de capacidades que requiere esta industria y, por lo tanto, la transici\u00f3n energ\u00e9tica.<\/p>\n\n\n\n<p>\u201cPara la ciudadan\u00eda, lo relevante es entender el fondo: el hidr\u00f3geno verde es una pol\u00edtica de Estado y un desarrollo de mediano y largo plazo, que no depende de titulares ni de coyunturas puntuales. En una etapa temprana como la actual es normal que existan ajustes, reprogramaciones y decisiones empresariales, porque los proyectos est\u00e1n en procesos complejos de evaluaci\u00f3n ambiental, ingenier\u00eda, financiamiento y aseguramiento de demanda\u201d, comenz\u00f3 diciendo Cuiti\u00f1o.<\/p>\n\n\n\n<p>Y agreg\u00f3: \u201cpresentar esta din\u00e1mica como un retroceso, o instalar dudas fuera de contexto, confunde a la comunidad respecto de c\u00f3mo se construye una industria seria. Lo verdaderamente importante \u2014y esto s\u00ed impacta directamente en el futuro de Magallanes\u2014 es que estamos formando capacidades locales, fortaleciendo est\u00e1ndares y generando condiciones habilitantes con institucionalidad y coordinaci\u00f3n p\u00fablico-privada. Este diplomado es una se\u00f1al concreta de ese trabajo: capital humano preparado, con enfoque en seguridad, sostenibilidad y regulaci\u00f3n, para que cuando la industria avance, Magallanes no s\u00f3lo sea el territorio donde ocurren los proyectos, sino tambi\u00e9n donde se generan competencias, empleo de calidad y desarrollo regional\u201d, subray\u00f3 el Seremi Cuiti\u00f1o.<\/p>\n\n\n\n<p>Al terminar su alocuci\u00f3n la autoridad regional de Energ\u00eda felicit\u00f3 a los egresados del diplomado y los inst\u00f3 a continuar adquiriendo conocimientos para ponerlos a disposici\u00f3n del sector energ\u00e9tico. &nbsp;&nbsp;<\/p>\n\n\n\n<p>Por su parte, el decano de la Facultad de Ingenier\u00eda, Claudio G\u00f3mez, destac\u00f3 el rol de la academia, las regiones, la colaboraci\u00f3n interuniversitaria y la alianza con el Estado para responder a los desaf\u00edos del sector.<\/p>\n\n\n\n<p>\u201cCreo que es fundamental, para que tengamos una industria pertinente y conectada con el territorio, que nosotros como academia, junto con la industria y otras universidades podamos generar un conocimiento desde y para las regiones, donde entendamos nuestros desaf\u00edos y seamos capaces de enfrentarlos con las capacidades que tenemos\u201d, dijo el decano G\u00f3mez agregando que \u201ceste diplomado que certifica a m\u00e1s de treinta personas provenientes del sector p\u00fablico y el sector privado, es una muestra exitosa de ello\u201d.&nbsp;&nbsp;&nbsp;&nbsp;<\/p>\n\n\n\n<p><strong>FORMACI\u00d3N ESPECIALIZADA PARA LOS DESAF\u00cdOS DEL H2V<\/strong><\/p>\n\n\n\n<p>En representaci\u00f3n del estudiantado, Natalia Mancilla, trabajadora independiente, Ingeniera en Medio Ambiente, experta en seguridad minera y ahora diplomada en hidr\u00f3geno verde, resalt\u00f3 el valor pr\u00e1ctico del programa y sus contenidos.<\/p>\n\n\n\n<p>\u201cEs muy importante haber cursado este diplomado porque me saca de mi \u00e1mbito de competencias para llevarme a adquirir nuevos conocimientos en temas de regulaci\u00f3n, medioambientales, seguridad y tecnolog\u00edas. Espero que la industria del hidr\u00f3geno siga abri\u00e9ndose paso para ser un aporte a su desarrollo\u201d, cont\u00f3.<\/p>\n\n\n\n<p>El diplomado consider\u00f3 una carga total de 232 horas cronol\u00f3gicas, combinando docencia directa y trabajo aut\u00f3nomo, con modalidad semipresencial. Su malla abord\u00f3 seis m\u00f3dulos, incluyendo introducci\u00f3n al H2V, energ\u00edas renovables, producci\u00f3n de agua desalada, tecnolog\u00edas de producci\u00f3n\/almacenamiento\/transporte, aplicaciones Power to X, y regulaci\u00f3n y evaluaci\u00f3n ambiental para proyectos de hidr\u00f3geno verde, con \u00e9nfasis en seguridad y sostenibilidad.<\/p>\n\n\n\n<p>El programa de estudio cont\u00f3 con participantes de otras ciudades del pa\u00eds; entre ellas Santiago, Vi\u00f1a del Mar, Rancagua, Puerto Montt y Temuco.<\/p>\n\n\n\n<p><strong>CEREMONIA DE CERTIFICACI\u00d3N<\/strong><\/p>\n\n\n\n<p>La actividad de cierre culmin\u00f3 en el Auditorio Ernesto Livacic y contempl\u00f3 en su programa palabras de bienvenida de la coordinadora acad\u00e9mica del diplomado, Cristiane Carvalho, la intervenci\u00f3n del decano Claudio G\u00f3mez y del Seremi Sergio Cuiti\u00f1o, y la posterior entrega de diplomas y registro fotogr\u00e1fico.<\/p>\n","protected":false},"excerpt":{"rendered":"<p>Con una ceremonia realizada en el Auditorio Ernesto Livacic de la Universidad de Magallanes (UMAG), un total de 32 profesionales locales y de otras regiones del pa\u00eds recibieron su certificaci\u00f3n&#8230; <a class=\"read-more\" href=\"https:\/\/www.radiopresidenteibanez.cl\/web\/diplomado-de-hidrogeno-verde-certifico-a-32-profesionales-de-magallanes-y-otras-regiones-del-pais\/\">Leer m\u00e1s<\/a><\/p>\n","protected":false},"author":2,"featured_media":61981,"comment_status":"closed","ping_status":"closed","sticky":false,"template":"","format":"standard","meta":{"footnotes":""},"categories":[1],"tags":[],"class_list":["post-61978","post","type-post","status-publish","format-standard","has-post-thumbnail","hentry","category-cronica"],"_links":{"self":[{"href":"https:\/\/www.radiopresidenteibanez.cl\/web\/wp-json\/wp\/v2\/posts\/61978","targetHints":{"allow":["GET"]}}],"collection":[{"href":"https:\/\/www.radiopresidenteibanez.cl\/web\/wp-json\/wp\/v2\/posts"}],"about":[{"href":"https:\/\/www.radiopresidenteibanez.cl\/web\/wp-json\/wp\/v2\/types\/post"}],"author":[{"embeddable":true,"href":"https:\/\/www.radiopresidenteibanez.cl\/web\/wp-json\/wp\/v2\/users\/2"}],"replies":[{"embeddable":true,"href":"https:\/\/www.radiopresidenteibanez.cl\/web\/wp-json\/wp\/v2\/comments?post=61978"}],"version-history":[{"count":0,"href":"https:\/\/www.radiopresidenteibanez.cl\/web\/wp-json\/wp\/v2\/posts\/61978\/revisions"}],"wp:featuredmedia":[{"embeddable":true,"href":"https:\/\/www.radiopresidenteibanez.cl\/web\/wp-json\/wp\/v2\/media\/61981"}],"wp:attachment":[{"href":"https:\/\/www.radiopresidenteibanez.cl\/web\/wp-json\/wp\/v2\/media?parent=61978"}],"wp:term":[{"taxonomy":"category","embeddable":true,"href":"https:\/\/www.radiopresidenteibanez.cl\/web\/wp-json\/wp\/v2\/categories?post=61978"},{"taxonomy":"post_tag","embeddable":true,"href":"https:\/\/www.radiopresidenteibanez.cl\/web\/wp-json\/wp\/v2\/tags?post=61978"}],"curies":[{"name":"wp","href":"https:\/\/api.w.org\/{rel}","templated":true}]}}