{"id":61972,"date":"2026-01-26T09:49:00","date_gmt":"2026-01-26T12:49:00","guid":{"rendered":"https:\/\/www.radiopresidenteibanez.cl\/web\/?p=61972"},"modified":"2026-01-26T09:39:05","modified_gmt":"2026-01-26T12:39:05","slug":"municipios-de-cabo-de-hornos-y-punta-arenas-unen-esfuerzos-para-apoyar-a-afectados-por-incendios-forestales","status":"publish","type":"post","link":"https:\/\/www.radiopresidenteibanez.cl\/web\/municipios-de-cabo-de-hornos-y-punta-arenas-unen-esfuerzos-para-apoyar-a-afectados-por-incendios-forestales\/","title":{"rendered":"Municipios de Cabo de Hornos y Punta Arenas unen esfuerzos para apoyar a afectados por incendios forestales"},"content":{"rendered":"\n<p>Gracias al trabajo conjunto de funcionarios de la Municipalidad de Cabo de Hornos, el apoyo de la comunidad y comerciantes locales, se logr\u00f3 reunir en tiempo r\u00e9cord un total de 48 cajas de ayuda destinadas a las familias de las regiones afectadas por los lamentables incendios forestales.<\/p>\n\n\n\n<p>La iniciativa solidaria fue impulsada por el municipio a trav\u00e9s de un llamado realizado en redes sociales, convocatoria que tuvo una positiva respuesta por parte de vecinos de la comuna y negocios particulares, quienes se sumaron activamente a esta causa ben\u00e9fica.<\/p>\n\n\n\n<p>Al respecto, el alcalde de la comuna de Cabo de Hornos, Patricio Fern\u00e1ndez Alarc\u00f3n, se\u00f1al\u00f3 la tarde de ayer que la ayuda recolectada fue enviada a la capital regional en el ferry Kaw\u00e9skar tras un convenio con la Municipalidad de Punta Arenas.<\/p>\n\n\n\n<p>\u201c<em>Cabo de Hornos env\u00eda con mucha fuerza al \u00d1uble y Biob\u00edo, en una alianza con la Municipalidad de Punta Arenas, quienes van a tomar estas provisiones y las van a hacer llegar a esas regiones. Cabo de Hornos entrega su apoyo y queremos agradecer a todas las instituciones y a las personas que han podido colaborar durante esta semana intensa, donde hemos recibido todo el coraz\u00f3n para poder entreg\u00e1rselo a las familias que m\u00e1s lo necesitan<\/em>\u201d, expres\u00f3 el jefe comunal.<\/p>\n\n\n\n<p>Cabe destacar que ser\u00e1 la Municipalidad de Punta Arenas la encargada de recibir lo recolectado, y el d\u00eda martes saldr\u00e1 un cami\u00f3n con la ayuda, la cual ser\u00e1 distribuida entre los damnificados de las zonas afectadas por los incendios forestales.<strong>&nbsp;<\/strong><\/p>\n","protected":false},"excerpt":{"rendered":"<p>Gracias al trabajo conjunto de funcionarios de la Municipalidad de Cabo de Hornos, el apoyo de la comunidad y comerciantes locales, se logr\u00f3 reunir en tiempo r\u00e9cord un total de&#8230; <a class=\"read-more\" href=\"https:\/\/www.radiopresidenteibanez.cl\/web\/municipios-de-cabo-de-hornos-y-punta-arenas-unen-esfuerzos-para-apoyar-a-afectados-por-incendios-forestales\/\">Leer m\u00e1s<\/a><\/p>\n","protected":false},"author":2,"featured_media":61973,"comment_status":"closed","ping_status":"closed","sticky":false,"template":"","format":"standard","meta":{"footnotes":""},"categories":[1],"tags":[],"class_list":["post-61972","post","type-post","status-publish","format-standard","has-post-thumbnail","hentry","category-cronica"],"_links":{"self":[{"href":"https:\/\/www.radiopresidenteibanez.cl\/web\/wp-json\/wp\/v2\/posts\/61972","targetHints":{"allow":["GET"]}}],"collection":[{"href":"https:\/\/www.radiopresidenteibanez.cl\/web\/wp-json\/wp\/v2\/posts"}],"about":[{"href":"https:\/\/www.radiopresidenteibanez.cl\/web\/wp-json\/wp\/v2\/types\/post"}],"author":[{"embeddable":true,"href":"https:\/\/www.radiopresidenteibanez.cl\/web\/wp-json\/wp\/v2\/users\/2"}],"replies":[{"embeddable":true,"href":"https:\/\/www.radiopresidenteibanez.cl\/web\/wp-json\/wp\/v2\/comments?post=61972"}],"version-history":[{"count":0,"href":"https:\/\/www.radiopresidenteibanez.cl\/web\/wp-json\/wp\/v2\/posts\/61972\/revisions"}],"wp:featuredmedia":[{"embeddable":true,"href":"https:\/\/www.radiopresidenteibanez.cl\/web\/wp-json\/wp\/v2\/media\/61973"}],"wp:attachment":[{"href":"https:\/\/www.radiopresidenteibanez.cl\/web\/wp-json\/wp\/v2\/media?parent=61972"}],"wp:term":[{"taxonomy":"category","embeddable":true,"href":"https:\/\/www.radiopresidenteibanez.cl\/web\/wp-json\/wp\/v2\/categories?post=61972"},{"taxonomy":"post_tag","embeddable":true,"href":"https:\/\/www.radiopresidenteibanez.cl\/web\/wp-json\/wp\/v2\/tags?post=61972"}],"curies":[{"name":"wp","href":"https:\/\/api.w.org\/{rel}","templated":true}]}}