{"id":61969,"date":"2026-01-26T09:23:50","date_gmt":"2026-01-26T12:23:50","guid":{"rendered":"https:\/\/www.radiopresidenteibanez.cl\/web\/?p=61969"},"modified":"2026-01-26T09:23:51","modified_gmt":"2026-01-26T12:23:51","slug":"mala-memoria-2","status":"publish","type":"post","link":"https:\/\/www.radiopresidenteibanez.cl\/web\/mala-memoria-2\/","title":{"rendered":"MALA MEMORIA"},"content":{"rendered":"\n<p>La demoledora derrota electoral frente a la versi\u00f3n m\u00e1s extrema del sector conservador, tiene sumido por<br>estos d\u00edas al progresismo en un incipiente debate acerca de su identidad y del sentido de su propia existencia. La pugna por el liderazgo en el sector se da entre los partidos tradicionales de la centro izquierda, aquellos que protagonizaron los a\u00f1os dorados del crecimiento econ\u00f3mico y el progreso social desde la recuperaci\u00f3n de la democracia. Y la nueva elite pol\u00edtica surgida del gobierno de Boric. Integrantes del otrora movimiento estudiantil, que conquist\u00f3 el poder en un lapso de s\u00f3lo diez a\u00f1os. De una multiplicidad de expresiones pol\u00edticas particulares y de nicho, supo este conjunto muy escogido de j\u00f3venes pol\u00edticos, forjar un partido pol\u00edtico, el FA, que pretende alzarse sobre las cenizas de los partidos tradicionales, como el referente y eje del progresismo.<br>Esto sucede porque tenemos mala memoria. El largo de per\u00edodo de transici\u00f3n a la democracia, exigi\u00f3 del<br>liderazgo pol\u00edtico una capacidad de gesti\u00f3n, y una habilidad negociadora, que fue a la par del surgimiento de voces intestinas que advert\u00edan del riesgo del exitismo. Se les llam\u00f3 los auto flagelantes y autocomplacientes. La Concertaci\u00f3n de partidos por la democracia era tan amplia y gobern\u00f3 tanto tiempo, que gener\u00f3 una din\u00e1mica de discusi\u00f3n y contraposici\u00f3n de ideas para renovarse. En la vereda del frente, siempre tuvo una oposici\u00f3n conservadora dur\u00edsima, refractaria a los cambios m\u00e1s m\u00ednimos a la institucionalidad nacida en dictadura. Los mismos que hoy aplauden al difunto presidente Aylwin, o alaban al presidente Frei Ruiz-Tagle, fueron ac\u00e9rrimos opositores a sus gobiernos, y los denostaron permanentemente. Hoy vemos como una verdadera haza\u00f1a el \u00e9xito pol\u00edtico y electoral de la Concertaci\u00f3n, haber podido gobernar continuamente desde 1990 al 2010, con Aylwin, Frei, Lagos y<br>Bachelet hoy parece imposible. Se pudo hacer y se hizo, un delicado equilibrio entre fuerzas pol\u00edticas distintas, pero con unos principios y valores democr\u00e1ticos en com\u00fan. De los 17 partidos y movimientos pol\u00edticos iniciales, se pas\u00f3 a los cuatro partidos fundamentales PDC, PR, PS Y PPD, siendo el eje de la Concertaci\u00f3n la alianza hist\u00f3rica entre el PS y la DC, fueron los partidos que le dieron estabilidad.<br>Los primeros triunfos electorales del sector conservador, se dieron tras un per\u00edodo prolongado en que la<br>concertaci\u00f3n no s\u00f3lo padeci\u00f3 por errores propios y la fatiga de su electorado. Tambi\u00e9n sufri\u00f3 una seguidilla de renuncias de antiguos dirigentes pol\u00edticos, para buscar una candidatura presidencial o formar otros partidos pol\u00edticos, como Alejandro Navarro, Jorge Arrate, Marco Enr\u00edquez, Carlos Ominami, Gonzalo Martner, entre otros conspicuos dirigentes que migraron entre 2008 y 2009 desde el Partido Socialista. La partida de Navarro, Arrate y Enr\u00edquez se da para competir los tres como candidatos en la elecci\u00f3n presidencial de 2009. Todos ellos cr\u00edticos de que el PS apoyar\u00e1 la candidatura de Eduardo Frei en representaci\u00f3n del bloque. En esa elecci\u00f3n Frei Ruiz Tagle es derrotado en segunda vuelta por Sebasti\u00e1n Pi\u00f1era, pese a que en primera vuelta Frei y las tres candidaturas ex PS, sumaban casi el 58% de los votos. Muy recordada es la frase de Marco Enr\u00edquez, cuando instado a apoyar en segunda vuelta a Eduardo Frei, declara \u201cApoyar\u00e9 al candidato del 29%\u201d, aludiendo a la votaci\u00f3n obtenida por Frei. La Concertaci\u00f3n en un gesto, hoy incomprensible, para las parlamentarias de 2009 hizo un pacto por la no exclusi\u00f3n,<br>destinado a facilitar el acceso a esca\u00f1os parlamentarios, al PC y su alianza Juntos Podemos, que inclu\u00eda a sectores que precedieron al FA. Producto de ese pacto fueron electos como diputados Guillermo Teillier, Lautaro Carmona y Hugo Guti\u00e9rrez.<br>En ese mismo per\u00edodo, la Concertaci\u00f3n enfrent\u00f3 tambi\u00e9n una fractura hacia la derecha, en 2008 fue<br>expulsado de las filas del PDC el difunto senador Adolfo Zald\u00edvar, quien funda el PRI y anuncia candidatura presidencial, la que luego declina, apoyando al candidato Pi\u00f1era.<br>La primera derrota electoral de la centro izquierda se da en un escenario de fraccionamiento interno, y<br>\u00e1spera disputa entre militantes y ex militantes del conglomerado, que terminan aline\u00e1ndose con la \u00e1cida oposici\u00f3n que desde 1990 hac\u00eda el PC. El per\u00edodo presidencial de Pi\u00f1era estuvo marcado por una seguidilla de denuncias de conflictos de inter\u00e9s tanto del presidente como de algunos de sus ministros, por su participaci\u00f3n en diversos sectores econ\u00f3micos. El despertar del movimiento social, encabezado por los estudiantes, opac\u00f3 los intentos de lograr un gobierno \u201cde excelencia\u201d, en la pr\u00e1ctica fracas\u00f3 el intento de instalar en el gabinete a gerentes y altos ejecutivos del sector privado. Para las elecciones de 2013 la centro izquierda busc\u00f3 ampliar su base de apoyo y evitar la dispersi\u00f3n, convoca a elecciones primarias para definir una candidatura \u00fanica. Se va a los Estados Unidos a convencer a la presidenta Bachelet, en ese tiempo liderando la ONU Mujer, para que acepte volver a Chile a competir nuevamente. En otro giro a lo que hab\u00eda sido su pol\u00edtica de alianzas, la concertaci\u00f3n constituye un nuevo<br>conglomerado, la Nueva Mayor\u00eda, que incluye al PC en la alianza de gobierno. El nuevo pacto parlamentario entrega nuevos cupos al PC. En el distrito \u00d1u\u00f1oa-Providencia la centro izquierda facilita la elecci\u00f3n de Giorgio Jackson que compite como independiente, no presentando candidato PS-PPD en la lista del pacto. Hasta Sergio Bitar anuncia su voto por Jackson. Para el recuerdo, en la conformaci\u00f3n del primer gabinete de la Nueva Mayor\u00eda, incluso se incorpor\u00f3 a figuras de RD en altos cargos ejecutivos del ministerio de Educaci\u00f3n. Trabajar\u00edan en la reforma educacional, sin embargo, ese mismo a\u00f1o, la mayor\u00eda de ellos abandonaron el gobierno. Y ser\u00eda el bloque de ex dirigentes estudiantiles, quienes se transformar\u00edan en los m\u00e1s f\u00e9rreos opositores, rechazando en el congreso tanto la reforma educacional, como la reforma tributaria, y de pensiones. Un gobierno lleno de buenas intenciones que<br>termin\u00f3 naufragando al final, gracias en gran parte al intenso fuego amigo.<br>Los ex partidos de la concertaci\u00f3n fueron v\u00edctimas de la fatiga electoral, y en gran parte de la falta de<br>renovaci\u00f3n de cuadros dirigentes y parlamentarios. Los mismos que protagonizaron el primer gobierno democr\u00e1tico con Aylwin, siguieron repiti\u00e9ndose en diferentes cargos hasta la saciedad. Los nuevos liderazgos pol\u00edticos surgidos del movimiento estudiantil de 2011, llegaron al congreso en 2014, aupados por la popularidad medi\u00e1tica y por la bendici\u00f3n de la propia Concertaci\u00f3n, que err\u00f3neamente vio en el nuevo movimiento pol\u00edtico un aliado, y no un adversario. El fracaso electoral de 2017, se debe en gran parte al error de diagn\u00f3stico de las c\u00fapulas dirigentes, posiblemente pensaron que el electorado hab\u00eda girado m\u00e1s a la izquierda. Una ilusi\u00f3n \u00f3ptica provocada por la nutrida presencia del PC y FA en el parlamento, impidi\u00f3 ver que la fortaleza del sector estaba en el n\u00facleo fundante, la alianza entre el Centro y la izquierda. Consecuentes con esa falsa visi\u00f3n, se desech\u00f3 sin mayor explicaci\u00f3n ni fundamento, la candidatura del presidente Ricardo Lagos, quien concitaba el apoyo del PPD, sectores del PS y la DC.<br>La c\u00fapula del PS decidi\u00f3 apoyar al periodista Alejandro Guillier quien contaba con el respaldo del PC, en tanto el FA se decidi\u00f3 por la periodista Beatriz S\u00e1nchez.<br>La elecci\u00f3n de 2017 con la errada decisi\u00f3n de las c\u00fapulas, signific\u00f3 una pu\u00f1alada por la espalda al centro<br>pol\u00edtico. La DC aliada del PS desde 1990, compiti\u00f3 con candidatura propia en esas elecciones, obteniendo un magro 5,88%. En tanto medrando nuevamente de la dispersi\u00f3n del voto progresista: Marco Enr\u00edquez, obtuvo 5.71 % y Alejandro Navarro 0,3% y Eduardo Art\u00e9s un poco m\u00e1s de 0,5% de representaci\u00f3n.<br>El candidato de la alianza Nueva Mayor\u00eda Alejandro Guillier obtuvo 22.70 % y la candidata del FA Beatriz<br>S\u00e1nchez obtuvo 20.27 %. De este modo el progresismo obten\u00eda en primera vuelta a trav\u00e9s de distintas opciones un 55,43% de representaci\u00f3n. En tanto Sebasti\u00e1n Pi\u00f1era obtuvo un 35,64% y Jos\u00e9 Antonio Kast un 7,93%, sumando ambos un 43,57%. La aparente ventaja de Guillier se transform\u00f3 en derrota en segunda vuelta, donde se impuso Sebasti\u00e1n Pi\u00f1era, obtniendo un 57 %, gracias a votantes de centro, por sobre Alejandro Guillier que obtuvo un 45.42 %.<br>En 2021, el desorden y la comedia de enredos protagonizada por las c\u00fapulas pol\u00edticas fue peor a\u00fan. Despu\u00e9s de prolongadas negociaciones para que todo el progresismo concurriera a una misma primaria presidencial, s\u00f3lo a horas del cierre del plazo, la c\u00fapula del FA\/PC notifica a la centro izquierda su negativa a concurrir a una primaria presidencial que incluyera a la DC y el PPD. Un veto sin fundamento y sin anuncio previo, una verdadera burla. Esto dej\u00f3 a la centro izquierda sin primaria legal. Inscribi\u00e9ndose s\u00f3lo la del FA\/PC. Memorable es la imagen del presidente del PR Carlos Maldonado esperando solo en el SERVEL, para la firma de una solicitud que no lleg\u00f3 a presentarse.<br>Tambi\u00e9n de esa noche es la frase del presidente del PS \u00c1lvaro Elizalde \u201cNo se humilla al partido de Allende\u201d.<br>Finalmente, la centro izquierda opt\u00f3 por realizar una consulta ciudadana, equivalente a una primaria convencional.<br>En esta votaci\u00f3n, Yasna Provoste de la DC se impuso con el 60% de los votos por sobre Paula Narv\u00e1ez del PS-PPD y Carlos Maldonado del PR. En tanto la primaria del FA\/PC concluy\u00f3 con el triunfo de Gabriel Boric por sobre el candidato del PC Daniel Jadue.<br>En 2021, el resultado de la primera vuelta dej\u00f3 al sector conservador sumando 53,5% con Jos\u00e9 Antonio Kast liderando con 27,91%, por sobre Sichel 12,71% y Parisi 12,8%. En tanto el progresismo sum\u00f3 s\u00f3lo 46,52%, con Boric<br>liderando con 25,83%, seguido de Yasna Provoste con 11,61%, Marco Enr\u00edquez con 7,61% y Eduardo Art\u00e9s con 1,47%.<br>El resultado de 2021 en que Boric se impone en segunda vuelta gracias a la votaci\u00f3n de personas de centro, temerosas de la opci\u00f3n radical de JAK, debi\u00f3 ser un t\u00e9ngase presente, una advertencia. Pero no fue as\u00ed. En retrospectiva, el triunfo de Boric sobre Kast en 2021 con voto voluntario y la resaca de una administraci\u00f3n conservadora que pag\u00f3 el costo del estallido y la pandemia, se ve m\u00e1s como un espejismo, que como un s\u00f3lido cambio de rumbo. La historia reciente muestra que, al cabo de cuatro a\u00f1os, se produce la consolidaci\u00f3n electoral del sector ultraconservador, derrotados ayer, triunfaron con claridad en 2025.<br>El gobierno del presidente Boric no fue m\u00e1s que un par\u00e9ntesis entre dos gobiernos conservadores. Ni el<br>reclamo ciudadano contra los abusos y la desigualdad que tuvo apoyo transversal en octubre de 2019, ni la alta desaprobaci\u00f3n con que termin\u00f3 la administraci\u00f3n Pi\u00f1era, fueron suficientes para dar fuerza y potencia al gobierno que ofreci\u00f3 las \u201cgrandes transformaciones\u201d, pero entreg\u00f3 modestos resultados.<br>Con toda esa historia social y pol\u00edtica detr\u00e1s del proyecto de la centro-izquierda, hoy la nueva \u00e9lite pol\u00edtica exige sumisi\u00f3n a los partidos tradicionales del progresismo. Una sola voz debe haber, y los partidos que anta\u00f1o representaron el arco\u00edris de colores pol\u00edticos m\u00e1s amplio de Chile, hoy son invitados, conminados, a sumarse a una alianza monocolor. La p\u00e9rdida de br\u00fajula es total, se confunden medios con fines. Los resultados electorales desde 2009 en adelante, demuestran que el que decide elecciones en Chile es el vasto sector ciudadano que se ubica en el centro pol\u00edtico. No pertenece a un partido o sector pol\u00edtico en particular, y cuando la Concertaci\u00f3n dej\u00f3 de interpretarlo, perdi\u00f3 elecciones cada cuatro a\u00f1os.<br>Desconozco que pes\u00f3 m\u00e1s en la paliza electoral que propin\u00f3 Jos\u00e9 Antonio Kast al progresismo. \u00bfLa cuenta de los dos experimentos constitucionales fallidos?, \u00bfLos errores iniciales que debi\u00f3 corregir la centro izquierda?, \u00bfLa arrogancia presente todo el per\u00edodo?, \u00bfLa agenda woke? Es muy probable que con una candidatura de otro sector se hubiera impuesto igual la alterativa conservadora. Pero desde el resultado de las primarias, se sab\u00eda que una candidatura presidencial comunista no ten\u00eda futuro en Chile.<br>La incorporaci\u00f3n al gobierno de la coalici\u00f3n Apruebo Dignidad, de la centro izquierda que fue derrotada en las elecciones de 2021, no bast\u00f3 para consolidar una nueva mayor\u00eda pol\u00edtica. Los cuadros de centro izquierda, permitieron a la administraci\u00f3n Boric alcanzar un equilibro funcional m\u00ednimo, para llevar adelante las tareas de gobierno. Sin mayor\u00eda pol\u00edtica en el c\u00edrculo de poder fundacional de la administraci\u00f3n, fueron los partidos de los c\u00edrculos de poder externos, los que llevaron agua al molino presidencial. Le permitieron gobernar y concluir su mandato. Pero no bast\u00f3 para traducir eso, en una adhesi\u00f3n y aprobaci\u00f3n mayoritaria al gobierno, y por cierto fue insuficiente para proyectarse en una nueva administraci\u00f3n.<br>La nueva \u00e9lite pol\u00edtica que gobern\u00f3 estos cuatro a\u00f1os, inici\u00f3 tempranamente la b\u00fasqueda de una suerte de legado en torno al cual unirse en el futuro. Parte importante de las pulsiones presentes hoy en la discusi\u00f3n pol\u00edtica entre Apruebo Dignidad y el Socialismo Democr\u00e1tico, est\u00e1n marcadas por este reclamo. Pero no hay legado que valga frente a la voz del pueblo. La voz del pueblo se escuch\u00f3 fuerte, el fracaso electoral es una se\u00f1al muy poderosa que debe o\u00edrse.<br>Es la centro izquierda la que tiene la capacidad, la formaci\u00f3n y la experiencia, que otorga ser art\u00edfices de los veinte a\u00f1os de la alianza pol\u00edtica m\u00e1s exitosa de la historia de Chile. All\u00ed existi\u00f3 mayor\u00eda social y pol\u00edtica. Existi\u00f3 vinculaci\u00f3n estrecha entre el sentir y la necesidad ciudadana, y la agenda de gobierno. La centro izquierda sabe la importancia de equilibrar mercado y crecimiento econ\u00f3mico, junto a la lucha contra la desigualdad. En sus gobiernos se produjo el aumento hist\u00f3rico en las condiciones materiales de vida de millones de chilenos y chilenas. Es hora de que la centro izquierda retome la defensa de sus ideas y de su obra. Con humildad, pero con la firmeza que da el saber lo que se ha construido y se puede volver a construir.<br>Ernesto Sep\u00falveda Tornero<\/p>\n","protected":false},"excerpt":{"rendered":"<p>La demoledora derrota electoral frente a la versi\u00f3n m\u00e1s extrema del sector conservador, tiene sumido porestos d\u00edas al progresismo en un incipiente debate acerca de su identidad y del sentido&#8230; <a class=\"read-more\" href=\"https:\/\/www.radiopresidenteibanez.cl\/web\/mala-memoria-2\/\">Leer m\u00e1s<\/a><\/p>\n","protected":false},"author":2,"featured_media":61970,"comment_status":"closed","ping_status":"closed","sticky":false,"template":"","format":"standard","meta":{"footnotes":""},"categories":[1],"tags":[],"class_list":["post-61969","post","type-post","status-publish","format-standard","has-post-thumbnail","hentry","category-cronica"],"_links":{"self":[{"href":"https:\/\/www.radiopresidenteibanez.cl\/web\/wp-json\/wp\/v2\/posts\/61969","targetHints":{"allow":["GET"]}}],"collection":[{"href":"https:\/\/www.radiopresidenteibanez.cl\/web\/wp-json\/wp\/v2\/posts"}],"about":[{"href":"https:\/\/www.radiopresidenteibanez.cl\/web\/wp-json\/wp\/v2\/types\/post"}],"author":[{"embeddable":true,"href":"https:\/\/www.radiopresidenteibanez.cl\/web\/wp-json\/wp\/v2\/users\/2"}],"replies":[{"embeddable":true,"href":"https:\/\/www.radiopresidenteibanez.cl\/web\/wp-json\/wp\/v2\/comments?post=61969"}],"version-history":[{"count":0,"href":"https:\/\/www.radiopresidenteibanez.cl\/web\/wp-json\/wp\/v2\/posts\/61969\/revisions"}],"wp:featuredmedia":[{"embeddable":true,"href":"https:\/\/www.radiopresidenteibanez.cl\/web\/wp-json\/wp\/v2\/media\/61970"}],"wp:attachment":[{"href":"https:\/\/www.radiopresidenteibanez.cl\/web\/wp-json\/wp\/v2\/media?parent=61969"}],"wp:term":[{"taxonomy":"category","embeddable":true,"href":"https:\/\/www.radiopresidenteibanez.cl\/web\/wp-json\/wp\/v2\/categories?post=61969"},{"taxonomy":"post_tag","embeddable":true,"href":"https:\/\/www.radiopresidenteibanez.cl\/web\/wp-json\/wp\/v2\/tags?post=61969"}],"curies":[{"name":"wp","href":"https:\/\/api.w.org\/{rel}","templated":true}]}}