{"id":61763,"date":"2026-01-19T09:59:38","date_gmt":"2026-01-19T12:59:38","guid":{"rendered":"https:\/\/www.radiopresidenteibanez.cl\/web\/?p=61763"},"modified":"2026-01-19T09:59:39","modified_gmt":"2026-01-19T12:59:39","slug":"senda-magallanes-presento-campana-de-verano-cuidarse-siempre-esta-de-moda-con-recorrido-nocturno-preventivo-por-pubs-de-punta-arenas","status":"publish","type":"post","link":"https:\/\/www.radiopresidenteibanez.cl\/web\/senda-magallanes-presento-campana-de-verano-cuidarse-siempre-esta-de-moda-con-recorrido-nocturno-preventivo-por-pubs-de-punta-arenas\/","title":{"rendered":"SENDA Magallanes present\u00f3 campa\u00f1a de verano \u201cCuidarse Siempre est\u00e1 de Moda\u201d con recorrido nocturno preventivo por pubs de Punta Arenas"},"content":{"rendered":"\n<p>Con un recorrido nocturno por distintos pubs de Punta Arenas, SENDA Magallanes present\u00f3<br>oficialmente su campa\u00f1a de verano con el slogan \u201cCuidarse Siempre Est\u00e1 de Moda\u201d, una<br>estrategia preventiva que busca fortalecer el bienestar integral de ni\u00f1os, ni\u00f1as y adolescentes<br>(NNA), promover el uso positivo del tiempo libre durante el per\u00edodo estival y reforzar el rol de<br>madres, padres y personas adultas cuidadoras en la generaci\u00f3n de entornos de cuidado.<br>La actividad se realiz\u00f3 en coordinaci\u00f3n con diversas instituciones del intersector, en<br>organizaci\u00f3n del Instituto de la Juventud, INJUV, permitiendo abordar de manera conjunta la<br>promoci\u00f3n del autocuidado y la prevenci\u00f3n de riesgos asociados al consumo de alcohol y otras<br>drogas, especialmente en poblaci\u00f3n joven, en un contexto de alta exposici\u00f3n durante el verano.<br>\u201cEste verano, desde SENDA impulsamos la campa\u00f1a \u2018Cuidarse siempre est\u00e1 de moda\u2019, que se<br>extender\u00e1 hasta el 28 de febrero de 2026 y que busca promover el bienestar y el autocuidado<br>en ni\u00f1os, ni\u00f1as, adolescentes y j\u00f3venes, sin dejar de disfrutar. Sabemos que el verano es un<br>per\u00edodo de mayor flexibilidad, por eso el cuidado se construye desde el acompa\u00f1amiento, los<br>acuerdos y la toma de decisiones informadas, tanto en familia como en comunidad. Queremos<br>reforzar que cuidarse no significa dejar de pasarlo bien, sino reducir riesgos y fortalecer<br>v\u00ednculos, especialmente frente al consumo de alcohol y otras drogas. El autocuidado, hoy m\u00e1s<br>que nunca, es una forma responsable y moderna de vivir el verano\u201d, dijo la directora de SENDA<br>Magallanes, Roxana Arancibia Reyes.<br>La acci\u00f3n desarrollada se constituye en la presentaci\u00f3n de lo que ser\u00e1 el despliegue de la<br>campa\u00f1a de verano que se concibe como una etapa clave y habilitante para la posterior<br>implementaci\u00f3n del Programa de Infancia, Juventud y Bienestar (PINJUB), favoreciendo la<br>vinculaci\u00f3n temprana, significativa y territorial con ni\u00f1os, ni\u00f1as y adolescentes, as\u00ed como con<br>referentes adultos y organizaciones comunitarias. A trav\u00e9s de acciones recreativas, culturales,<\/p>\n\n\n\n<p>deportivas y comunitarias, se busca generar experiencias de cuidado, participaci\u00f3n y disfrute,<br>coherentes con el enfoque promocional y preventivo del programa.<br>Estas actividades permitir\u00e1n sensibilizar sobre la importancia del autocuidado y la toma de<br>decisiones informadas.<br>La directora regional de SENDA Magallanes, puntualiz\u00f3 que \u201cEl verano es una oportunidad<br>estrat\u00e9gica para promover experiencias positivas de cuidado y bienestar en ni\u00f1os, ni\u00f1as y<br>adolescentes, fortaleciendo el uso adecuado del tiempo libre y los v\u00ednculos comunitarios, pero<br>tambi\u00e9n para reforzar el rol fundamental que cumplen las personas adultas en el<br>acompa\u00f1amiento y la generaci\u00f3n de entornos protectores\u201d.<br>De esta manera, la campa\u00f1a de verano contribuye a robustecer el enfoque que lleva adelante<br>SENDA en cuanto al Sistema Integral de Prevenci\u00f3n, articulando la experiencia recreativa del<br>per\u00edodo estival con trayectorias de participaci\u00f3n m\u00e1s estables y sostenidas, en coherencia con<br>los objetivos del programa y con un fuerte \u00e9nfasis en la corresponsabilidad comunitaria.<br>Asimismo, la autoridad regional destac\u00f3 que \u201cesta campa\u00f1a nos permite iniciar un proceso de<br>vinculaci\u00f3n temprana con las comunidades y preparar el camino para la implementaci\u00f3n del<br>Programa de Infancia, Juventud y Bienestar, articulando acciones preventivas que no se agotan<br>en el verano, sino que buscan una participaci\u00f3n sostenida y significativa durante todo el a\u00f1o\u201d.<\/p>\n","protected":false},"excerpt":{"rendered":"<p>Con un recorrido nocturno por distintos pubs de Punta Arenas, SENDA Magallanes present\u00f3oficialmente su campa\u00f1a de verano con el slogan \u201cCuidarse Siempre Est\u00e1 de Moda\u201d, unaestrategia preventiva que busca fortalecer&#8230; <a class=\"read-more\" href=\"https:\/\/www.radiopresidenteibanez.cl\/web\/senda-magallanes-presento-campana-de-verano-cuidarse-siempre-esta-de-moda-con-recorrido-nocturno-preventivo-por-pubs-de-punta-arenas\/\">Leer m\u00e1s<\/a><\/p>\n","protected":false},"author":2,"featured_media":61764,"comment_status":"closed","ping_status":"closed","sticky":false,"template":"","format":"standard","meta":{"footnotes":""},"categories":[1],"tags":[],"class_list":["post-61763","post","type-post","status-publish","format-standard","has-post-thumbnail","hentry","category-cronica"],"_links":{"self":[{"href":"https:\/\/www.radiopresidenteibanez.cl\/web\/wp-json\/wp\/v2\/posts\/61763","targetHints":{"allow":["GET"]}}],"collection":[{"href":"https:\/\/www.radiopresidenteibanez.cl\/web\/wp-json\/wp\/v2\/posts"}],"about":[{"href":"https:\/\/www.radiopresidenteibanez.cl\/web\/wp-json\/wp\/v2\/types\/post"}],"author":[{"embeddable":true,"href":"https:\/\/www.radiopresidenteibanez.cl\/web\/wp-json\/wp\/v2\/users\/2"}],"replies":[{"embeddable":true,"href":"https:\/\/www.radiopresidenteibanez.cl\/web\/wp-json\/wp\/v2\/comments?post=61763"}],"version-history":[{"count":0,"href":"https:\/\/www.radiopresidenteibanez.cl\/web\/wp-json\/wp\/v2\/posts\/61763\/revisions"}],"wp:featuredmedia":[{"embeddable":true,"href":"https:\/\/www.radiopresidenteibanez.cl\/web\/wp-json\/wp\/v2\/media\/61764"}],"wp:attachment":[{"href":"https:\/\/www.radiopresidenteibanez.cl\/web\/wp-json\/wp\/v2\/media?parent=61763"}],"wp:term":[{"taxonomy":"category","embeddable":true,"href":"https:\/\/www.radiopresidenteibanez.cl\/web\/wp-json\/wp\/v2\/categories?post=61763"},{"taxonomy":"post_tag","embeddable":true,"href":"https:\/\/www.radiopresidenteibanez.cl\/web\/wp-json\/wp\/v2\/tags?post=61763"}],"curies":[{"name":"wp","href":"https:\/\/api.w.org\/{rel}","templated":true}]}}