{"id":61761,"date":"2026-01-19T09:31:26","date_gmt":"2026-01-19T12:31:26","guid":{"rendered":"https:\/\/www.radiopresidenteibanez.cl\/web\/?p=61761"},"modified":"2026-01-19T09:31:27","modified_gmt":"2026-01-19T12:31:27","slug":"otro-verano-de-fuego-en-chile","status":"publish","type":"post","link":"https:\/\/www.radiopresidenteibanez.cl\/web\/otro-verano-de-fuego-en-chile\/","title":{"rendered":"OTRO VERANO DE FUEGO EN CHILE"},"content":{"rendered":"\n<p>El a\u00f1o 2026, vuelve a replicar los catastr\u00f3ficos incendios de 2024, antes los de 2014, y antes los de 2010,<br>cada verano el ciclo de llamas y destrucci\u00f3n se vuelve a activar. Hace unas semanas los incendios que destruyeron la Patagonia argentina, motivaron el env\u00edo de brigadas, equipos y aeronaves de Chile a combatir junto a nuestros vecinos. Ahora nos toca de nuevo a nosotros, esta vez el fuego se cierne sobre las regiones del Biob\u00edo y \u00d1uble, y con mucho riesgo para la Araucan\u00eda. Seg\u00fan report\u00f3 CONAF hasta el mediod\u00eda de este domingo, existe registro de 24 incendios forestales en combate, se mantiene Alerta Roja regional debido a la magnitud y simultaneidad de los siniestros, varios de ellos con r\u00e1pida propagaci\u00f3n y amplias superficies afectadas. Por su magnitud y alcance destacan los focos de incendio de:<br>-Perales Biob\u00edo, comuna de R\u00e1nquil que ha destruido m\u00e1s de 3 mil hect\u00e1reas.<br>-Monte Negro, en Quill\u00f3n, con 1.500 hect\u00e1reas afectadas,<br>-Rahuil Bajo, tambi\u00e9n en R\u00e1nquil, registra 500 hect\u00e1reas consumidas.<br>-En la comuna de Pinto, el incendio El Cardal alcanza igualmente las 500 hect\u00e1reas,<br>-El Manzano, en San Nicol\u00e1s, suma 361 hect\u00e1reas.<br>-Hurac\u00e1n, en El Carmen con 45 hect\u00e1reas,<br>-Reserva \u00d1uble, en Pinto con 36,2 hect\u00e1reas;<br>-Trinitarias, en la comuna de Concepci\u00f3n, con una superficie preliminar de 10.621 hect\u00e1reas afectadas,<br>transform\u00e1ndose en el incendio de mayor extensi\u00f3n reportado hasta ahora.<br>-Tambi\u00e9n en Concepci\u00f3n, el incendio Rancho Chico suma 737 hect\u00e1reas y en Laja, el siniestro Rucahue Sur es de 1.000 hect\u00e1reas consumidas.<br>En lo que parec\u00eda el fin del a\u00f1o pol\u00edtico 2026, con el t\u00e9rmino de las sesiones parlamentarias, y el receso<br>veraniego. Cuando los jerarcas del aparato p\u00fablico se aprestaban al inicio de su feriado de febrero, al igual que en a\u00f1os anteriores el fuego dir\u00eda otra cosa. Nadie ha quedado imp\u00e1vido ante las im\u00e1genes, vigorosas y enormes lenguas de fuego, devorando todo a su paso. Las condiciones de altas temperaturas, fuerte viento y abundante vegetaci\u00f3n seca, facilit\u00f3 el avance de las llamas, a gran velocidad, dejando en un lapso de un par de horas, distintos sectores totalmente destruidos.<br>Gran conmoci\u00f3n gener\u00f3 el alcalde de Penco, Rodrigo Vera, que, en horas de la ma\u00f1ana del domingo,<br>clamaba por la pronta declaraci\u00f3n de estado de emergencia, pidiendo asimismo se decretara toque de queda. Su comuna tiene la mitad de las viviendas destruidas, en el sector de Lirquen, el CESFAM y el Hospital fueron alcanzados por las llamas, y adem\u00e1s se produjo el saqueo del Hospital. En medio de su entrevista rompi\u00f3 a llorar totalmente superado por la ca\u00f3tica destrucci\u00f3n.<br>Como es caracter\u00edstico en Chile, la solidaridad entre vecinos, la solidaridad de empresas, clubes deportivos, iglesias, no se hace esperar. Junto al esfuerzo del estado, a quien siempre se reclama mayor celeridad, llegaron hasta el lugar organismos del estado central como el ministerio del Interior, la cartera de salud, defensa, y desarrollo social. Siempre la primera actuaci\u00f3n y el trabajo m\u00e1s fuerte es de los municipios, y las fuerzas armadas y de orden.<br>Como en tantas jornadas anteriores, los Bomberos de Chile y los brigadistas forestales lo han dado todo, por controlar y sofocar el fuego. Unos h\u00e9roes y hero\u00ednas, que se merecen nuestro respeto y cari\u00f1o, siempre, no s\u00f3lo cuando empieza el humo y se ven las llamas.<br>Se anunci\u00f3 una cifra preliminar de personas fallecidas, que bordea las 16 personas, pero se advirti\u00f3 que esa cifra puede aumentar, y ser\u00e1 el SML, quien estar\u00e1 encargado de actualizar la informaci\u00f3n, ya que se esperar\u00e1 el trabajo de los peritos, para determinar con certidumbre estos sensibles datos. Como suele suceder en estos casos, los medios de comunicaci\u00f3n social, han tenido desempe\u00f1os dispares, en cuanto a entregar informaci\u00f3n \u00fatil y veraz a la poblaci\u00f3n. Mientras las radios en general, han cumplido una destacada labor informativa, los noticieros de la TV, y sus periodistas desplegados en terreno, han repetido el libreto de anteriores tragedias. Repiten sin pausa entrevistas a personas afectadas, que, en medio de su dolor e impotencia, son conminados a describir lo que sienten, e<br>inducidos a responder si se \u201csienten abandonados por las autoridades\u201d.<br>No hay vacaciones para las autoridades p\u00fablicas, cuando su propio pueblo est\u00e1 sufriendo en el descampado.<br>Todos deben estar disponibles y en su lugar de trabajo. Si el gobierno que termina se define como progresista, por sobre todas las cosas, debe servir a los m\u00e1s humildes y sencillos. La tarea primera, es apagar el incendio y salvar vidas. Luego vendr\u00e1, y en paralelo la investigaci\u00f3n para determinar responsabilidades si procede, pero eso deber\u00e1 comprobarse por medios t\u00e9cnicos e investigarse por el \u00f3rgano persecutor penal. Antes que eso suceda, es est\u00e9ril alimentar la espiral de elucubraciones alarmistas y conspiranoicas. Una vez m\u00e1s la demanda por seguridad se hace presente, sin energ\u00eda el\u00e9ctrica ni comunicaci\u00f3n telef\u00f3nica, los vecinos est\u00e1n expuestos al riesgo de ataques vand\u00e1licos. El presidente de la rep\u00fablica decret\u00f3 estado de excepci\u00f3n constitucional de cat\u00e1strofe, y design\u00f3 al jefe<br>de la defensa nacional del Biob\u00edo Contraalmirante Edgardo Acevedo como jefe de zona, esto permite desplegar personal de las fuerzas armadas en labores de vigilancia y cuidado en las \u00e1reas siniestradas. Esto es imprescindible, porque, aunque resulte dif\u00edcil de creer, delincuentes sin alma ni escr\u00fapulos, han efectuado saqueos.<br>En el a\u00f1o 2024, a\u00f1o de incendios calamitosos, pol\u00edticos de distintas bancadas presentaron el 15 de enero de 2024, un proyecto de ley que modifica la ley de bosques, para prohibir el uso de suelos afectados por incendios forestales y aumenta las penas al delito de incendio. Cabe se\u00f1alar que hace una d\u00e9cada que se tramitan proyectos de similar naturaleza, sin avance alguno. Es relevante poner de nuevo en el tapete esta discusi\u00f3n, ya que las labores de reconstrucci\u00f3n de sectores siniestrados, se iniciar\u00e1n pr\u00f3ximamente, y es de presumir que, en la mayor\u00eda de los casos, se construir\u00e1 en los mismos sitios. Sin perjuicio de que, en muchos casos, el \u00e1rea no sea apta para el uso habitacional.<br>En una declaraci\u00f3n muy pertinente, el presidente electo Jos\u00e9 Antonio Kast, llam\u00f3 a su sector a mantener el foco en el combate al incendio y apoyar a las autoridades. Es lo que corresponde, ya ha tocado a presidentes anteriores enfrentar cat\u00e1strofes en el t\u00e9rmino del mandato, y tocado a otros acometer la reconstrucci\u00f3n iniciando el suyo. Sin ir m\u00e1s lejos el terremoto de 2010 ocurri\u00f3 concluyendo el mandato de la presidenta Bachelet, y le toc\u00f3 al difunto presidente Sebasti\u00e1n Pi\u00f1era iniciar la tit\u00e1nica tarea de reconstrucci\u00f3n.<br>Eso es lo que somos en Chile, una tierra que peri\u00f3dicamente es golpeada por la naturaleza o por acci\u00f3n<br>humana, afectando la vida de miles o millones, y cada vez desde el m\u00e1s peque\u00f1o y humilde, hasta el m\u00e1s poderoso, nos ponemos todos manos a la obra para volver a levantarnos. Sin banderas partidarias, ni consignas sectarias, todos con el mismo objetivo. En instancias como estas surge un sentimiento de amor por el pr\u00f3jimo que debi\u00e9ramos mantener siempre. Tambi\u00e9n un sentimiento profundo de amor a la patria, no es raro que, en los sitios afectados, los vecinos claven su bandera chilena al iniciar la limpieza para la reconstrucci\u00f3n. Es un amor primario que conmueve hasta el alma, es un llamado al resto de Chile, es una reafirmaci\u00f3n de la resiliencia que nos caracteriza. Son las ganas de salir adelante, las ganas de vivir, una pulsi\u00f3n vital irresistible. Una fuerza que termina movilizando a la sociedad completa.<br>En este verano de 2026, cuando algunos ya est\u00e1n en vacaciones y otros se aprestan a iniciarlas, una<br>calamidad nacional vuelve a estremecer a todo Chile, una se\u00f1al de alerta y un llamado de ayuda, que no nos deja imp\u00e1vidos. Acudiremos al llamado, como siempre ha sido con agua embotellada, elementos de aseo y alimento para mascotas. Estaremos prestos a apoyar a Bomberos y brigadistas, que, con su altruismo y entrega, nos dan un ejemplo del verdadero servicio p\u00fablico. Servir al pa\u00eds sin etiquetas, sin buscar ganancias ni ventajas. Es el mejor ejercicio y la mejor pr\u00e1ctica para quienes asumir\u00e1n la conducci\u00f3n del pa\u00eds en marzo.<br>Ernesto Sep\u00falveda Tornero<\/p>\n","protected":false},"excerpt":{"rendered":"<p>El a\u00f1o 2026, vuelve a replicar los catastr\u00f3ficos incendios de 2024, antes los de 2014, y antes los de 2010,cada verano el ciclo de llamas y destrucci\u00f3n se vuelve a&#8230; <a class=\"read-more\" href=\"https:\/\/www.radiopresidenteibanez.cl\/web\/otro-verano-de-fuego-en-chile\/\">Leer m\u00e1s<\/a><\/p>\n","protected":false},"author":2,"featured_media":61582,"comment_status":"closed","ping_status":"closed","sticky":false,"template":"","format":"standard","meta":{"footnotes":""},"categories":[1],"tags":[],"class_list":["post-61761","post","type-post","status-publish","format-standard","has-post-thumbnail","hentry","category-cronica"],"_links":{"self":[{"href":"https:\/\/www.radiopresidenteibanez.cl\/web\/wp-json\/wp\/v2\/posts\/61761","targetHints":{"allow":["GET"]}}],"collection":[{"href":"https:\/\/www.radiopresidenteibanez.cl\/web\/wp-json\/wp\/v2\/posts"}],"about":[{"href":"https:\/\/www.radiopresidenteibanez.cl\/web\/wp-json\/wp\/v2\/types\/post"}],"author":[{"embeddable":true,"href":"https:\/\/www.radiopresidenteibanez.cl\/web\/wp-json\/wp\/v2\/users\/2"}],"replies":[{"embeddable":true,"href":"https:\/\/www.radiopresidenteibanez.cl\/web\/wp-json\/wp\/v2\/comments?post=61761"}],"version-history":[{"count":0,"href":"https:\/\/www.radiopresidenteibanez.cl\/web\/wp-json\/wp\/v2\/posts\/61761\/revisions"}],"wp:featuredmedia":[{"embeddable":true,"href":"https:\/\/www.radiopresidenteibanez.cl\/web\/wp-json\/wp\/v2\/media\/61582"}],"wp:attachment":[{"href":"https:\/\/www.radiopresidenteibanez.cl\/web\/wp-json\/wp\/v2\/media?parent=61761"}],"wp:term":[{"taxonomy":"category","embeddable":true,"href":"https:\/\/www.radiopresidenteibanez.cl\/web\/wp-json\/wp\/v2\/categories?post=61761"},{"taxonomy":"post_tag","embeddable":true,"href":"https:\/\/www.radiopresidenteibanez.cl\/web\/wp-json\/wp\/v2\/tags?post=61761"}],"curies":[{"name":"wp","href":"https:\/\/api.w.org\/{rel}","templated":true}]}}