{"id":6166,"date":"2019-08-05T14:25:41","date_gmt":"2019-08-05T14:25:41","guid":{"rendered":"http:\/\/www.radiopresidenteibanez.cl\/web\/?p=6166"},"modified":"2019-08-05T14:25:47","modified_gmt":"2019-08-05T14:25:47","slug":"la-region-que-quiero-por-ernesto-sepulveda","status":"publish","type":"post","link":"https:\/\/www.radiopresidenteibanez.cl\/web\/la-region-que-quiero-por-ernesto-sepulveda\/","title":{"rendered":"LA REGI\u00d3N QUE QUIERO por ERNESTO SEPULVEDA"},"content":{"rendered":"\n<p>\n\nAmigos y amigas, mientras mas nos acercamos a la fecha en que elegiremos por primera vez al gobernador regional, m\u00e1s parece necesario, que los vecinos y vecinas de Magallanes se informen de este importante suceso.<br>Es sabido que nuestra regi\u00f3n se ha caracterizado por su marcado regionalismo. Transversalmente, de izquierdas y de derechas, siempre se ha reivindicado un rol m\u00e1s importante para nuestras autoridades, y poder decidir efectivamente nuestro destino.<br>En octubre de 2020, por primera vez en nuestra historia patria, el pueblo podr\u00e1 elegir a quien dirigir\u00e1 la marcha de la regi\u00f3n. Este paso, va aparejado con el traspaso de competencias desde el gobierno central, a la nueva autoridad. Pero a\u00fan falta avanzar en materias tales como una ley de rentas regionales, y con el traspaso a la regi\u00f3n de la administraci\u00f3n del&nbsp;&nbsp;territorio. Son aspectos fundamentales para que este camino que iniciamos, se consolide en el tiempo.<br>A riesgo de ser majadero, debido a que ya he dicho muchas veces esto. Lo reitero una vez m\u00e1s. La experiencia que tuvimos en Magallanes con el Plan Especial de Desarrollo de Zonas Extremas, nos deja en una posici\u00f3n inmejorable para acometer este nuevo desaf\u00edo. Fuimos capaces de generar ac\u00e1 en la regi\u00f3n una pol\u00edtica p\u00fablica, que ha trascendido a la administraci\u00f3n que le dio origen. El plan de zonas extremas, por las caracter\u00edsticas que ha tenido, y el impacto que vemos y seguiremos viendo en la regi\u00f3n, debe ser una pol\u00edtica de estado.<br>Para luchar por eso, se requiere contar con un gobernador regional electo por el voto popular. Un funcionario designado por el gobierno de turno, siempre va a estar coartado por lealtad al ejecutivo, inhibi\u00e9ndose, nunca va a poder ejercer con la fuerza necesaria, la defensa del inter\u00e9s regional.<br>Lo que hemos logrado avanzar en Magallanes, se ha ido construyendo paulatina y gradualmente, ser\u00eda injusto atribuirnos en un sector pol\u00edtico, el patrimonio de nuestro progreso. Este trabajo ha sido el fruto de generaciones de&nbsp;&nbsp;pioneros, de trabajadores, de emprendedores. Por eso, amigos y amigas, que es tan especial esta tierra. No s\u00f3lo por sus parajes maravillosos, sino tambi\u00e9n por la forma en que nos relacionamos.<br>En otra columna, recordaba el dicho \u201cEn Magallanes nos conocemos todos\u201d, que para alguien del norte puede parecer una exageraci\u00f3n. De hecho lo es, una hip\u00e9rbole me apunta mi hijo de 9 a\u00f1os. Pero hacia donde apunta esta frase, es a como nos relacionamos en Magallanes, como podemos interactuar, conocernos, hacer amigos, en la mas amplia diversidad social y pol\u00edtica. Eso es lo que le da la fuerza, le da la potencia a nuestra regi\u00f3n. Cuando nos ponemos todos detr\u00e1s de un objetivo, no hay obst\u00e1culo demasiado grande.<br>Soy un convencido, que cuando el 2014 invitamos a so\u00f1ar \u201cLA REGI\u00d3N QUE QUIERO\u201d, abrimos una puerta, a lo que puede ser nuestra tierra en el futuro cercano. Mejorar nuestra calidad de vida, con barrios mas amables,&nbsp;&nbsp;con mejores servicios. con mas \u00e1rboles.<br>No importa cual ha sido tu origen, si naciste, fuiste criado o adoptaste esta tierra para formar tu familia y hacer tu vida. Te vamos a invitar a so\u00f1ar otra vez, porque tenemos las capacidades, tenemos los recursos y tenemos las fuerzas.<br>Tambi\u00e9n tenemos desaf\u00edos globales que cumplir. Nuestro pa\u00eds se ha comprometido a combatir el cambio clim\u00e1tico. Y nosotros en Magallanes, si queremos cambiar el mundo, debemos partir por cambiar nosotros, y cambiar nuestra regi\u00f3n.Debemos desencadenar un proceso sostenido y creciente de toma de consciencia, sobre los efectos de nuestra forma de vida en el medio ambiente. El desarrollo regional debe ser sostenible, o no ser\u00e1.Sin embargo, debemos incorporar al igual que en 2014, a todos los sectores de la sociedad, a todos los sectores econ\u00f3micos en esta discusi\u00f3n. Nuestra regi\u00f3n tiene potencialidad de crecimiento en distintas \u00e1reas, que pueden desarrollarse en forma compatible.<br>Tenemos por delante, una tarea gigantesca, habr\u00e1 agoreros que nos dir\u00e1n, que no va a resultar, que mejor que decidan en Santiago, que nos van a quitar recursos. Pero no vivimos en el conf\u00edn del mundo, o donde el mundo comienza, para venir a titubear o dudar ahora de nuestras capacidades. Podemos gobernar esta regi\u00f3n por nosotros mismos, y lo haremos, con la ayuda de todos, con la fuerza de todos, con el aporte de todos.<br>Amigos y amigas, cada uno de ustedes puede y debe ser escuchado,soy Ernesto Sep\u00falveda, tratando de abrir caminos y tender puentes para el entendimiento en Magallanes.<\/p>\n\n\n\n<p>Punta Arenas, lunes 5 de agosto de 2019.-\n\n<\/p>\n","protected":false},"excerpt":{"rendered":"<p>Amigos y amigas, mientras mas nos acercamos a la fecha en que elegiremos por primera vez al gobernador regional, m\u00e1s parece necesario, que los vecinos y vecinas de Magallanes se&#8230; <a class=\"read-more\" href=\"https:\/\/www.radiopresidenteibanez.cl\/web\/la-region-que-quiero-por-ernesto-sepulveda\/\">Leer m\u00e1s<\/a><\/p>\n","protected":false},"author":2,"featured_media":2310,"comment_status":"closed","ping_status":"closed","sticky":false,"template":"","format":"standard","meta":{"footnotes":""},"categories":[1],"tags":[],"class_list":["post-6166","post","type-post","status-publish","format-standard","has-post-thumbnail","hentry","category-cronica"],"_links":{"self":[{"href":"https:\/\/www.radiopresidenteibanez.cl\/web\/wp-json\/wp\/v2\/posts\/6166","targetHints":{"allow":["GET"]}}],"collection":[{"href":"https:\/\/www.radiopresidenteibanez.cl\/web\/wp-json\/wp\/v2\/posts"}],"about":[{"href":"https:\/\/www.radiopresidenteibanez.cl\/web\/wp-json\/wp\/v2\/types\/post"}],"author":[{"embeddable":true,"href":"https:\/\/www.radiopresidenteibanez.cl\/web\/wp-json\/wp\/v2\/users\/2"}],"replies":[{"embeddable":true,"href":"https:\/\/www.radiopresidenteibanez.cl\/web\/wp-json\/wp\/v2\/comments?post=6166"}],"version-history":[{"count":0,"href":"https:\/\/www.radiopresidenteibanez.cl\/web\/wp-json\/wp\/v2\/posts\/6166\/revisions"}],"wp:featuredmedia":[{"embeddable":true,"href":"https:\/\/www.radiopresidenteibanez.cl\/web\/wp-json\/wp\/v2\/media\/2310"}],"wp:attachment":[{"href":"https:\/\/www.radiopresidenteibanez.cl\/web\/wp-json\/wp\/v2\/media?parent=6166"}],"wp:term":[{"taxonomy":"category","embeddable":true,"href":"https:\/\/www.radiopresidenteibanez.cl\/web\/wp-json\/wp\/v2\/categories?post=6166"},{"taxonomy":"post_tag","embeddable":true,"href":"https:\/\/www.radiopresidenteibanez.cl\/web\/wp-json\/wp\/v2\/tags?post=6166"}],"curies":[{"name":"wp","href":"https:\/\/api.w.org\/{rel}","templated":true}]}}