{"id":6162,"date":"2019-08-05T13:01:04","date_gmt":"2019-08-05T13:01:04","guid":{"rendered":"http:\/\/www.radiopresidenteibanez.cl\/web\/?p=6162"},"modified":"2019-08-05T13:01:10","modified_gmt":"2019-08-05T13:01:10","slug":"alumnos-descendientes-kawesqar-y-mapuche-huilliche-son-capacitados-en-el-uso-sostenible-de-la-energia-con-el-programa-educativo-integral-en-eficiencia-energetica","status":"publish","type":"post","link":"https:\/\/www.radiopresidenteibanez.cl\/web\/alumnos-descendientes-kawesqar-y-mapuche-huilliche-son-capacitados-en-el-uso-sostenible-de-la-energia-con-el-programa-educativo-integral-en-eficiencia-energetica\/","title":{"rendered":"ALUMNOS DESCENDIENTES KAW\u00c9SQAR Y MAPUCHE-HUILLICHE SON CAPACITADOS EN EL USO SOSTENIBLE DE LA ENERG\u00cdA CON EL PROGRAMA EDUCATIVO INTEGRAL EN EFICIENCIA ENERG\u00c9TICA"},"content":{"rendered":"\n<p>A una hora de Puerto Natales, en un sector rural de la comuna, se encuentra la Escuela Seno Obstrucci\u00f3n, dependiente de la Corporaci\u00f3n Municipal. Uno de sus estudiantes es descendiente de la comunidad kaw\u00e9sqar de la zona. Este pueblo originario n\u00f3made practicaba la navegaci\u00f3n en canoas por los canales y fiordos de la extrema geograf\u00eda de nuestro pa\u00eds.<\/p>\n\n\n\n<p>Adem\u00e1s, tres alumnos descienden de la comunidad mapuche-huilliche presente en la localidad. Llevan en su identidad formativa creencias ancestrales sobre la naturaleza, sus recursos y la energ\u00eda dispuesta en cada uno de \u00e9stos.<\/p>\n\n\n\n<p>El Programa Educativo Integral en Eficiencia Energ\u00e9tica se implementa por segundo a\u00f1o consecutivo en la Escuela, desarrollando actividades de aprendizaje que incorporan la eficiencia energ\u00e9tica (EE) e integrando entre sus h\u00e1bitos y costumbres buenas pr\u00e1cticas para el uso de la energ\u00eda en acciones sencillas para su cotidianeidad. Lo anterior cobra especial relevancia en localidades como esta, donde la luz el\u00e9ctrica y el agua potable no se encuentran instalados, por lo que los recursos son suministrados por v\u00edas alternativas.<\/p>\n\n\n\n<p>Pese a su condici\u00f3n de ruralidad y aislamiento, han logrado formar una incipiente comunidad educativa concientizada sobre los recursos disponibles en la Regi\u00f3n; utilizan un aerogenerador para producir electricidad y le\u00f1a para calefaccionarse, por lo que, la fusi\u00f3n de su herencia cultural ind\u00edgena, sus costumbres patag\u00f3nicas y los aprendizajes para la sostenibilidad energ\u00e9tica fortalecen d\u00eda a d\u00eda la formaci\u00f3n de sus estudiantes.<\/p>\n\n\n\n<p><strong>VALORAN NUEVOS CONTENIDOS<\/strong><\/p>\n\n\n\n<p>Karla Vargas, docente a cargo del Programa Educativo en la Escuela, ha llevado a cabo la programaci\u00f3n trabajada, donde en instancias como los talleres de Gesti\u00f3n Curricular y de planificaci\u00f3n de actividades de aprendizaje, valor\u00f3 y expres\u00f3 que \u00abnos permitir\u00e1 incorporar en las actividades curriculares tem\u00e1ticas relevantes como energ\u00eda, eficiencia energ\u00e9tica, medio ambiente y sostenibilidad\u00bb.<\/p>\n\n\n\n<p>En tanto, el Seremi de Energ\u00eda de Magallanes, Nolberto S\u00e1ez, felicit\u00f3 y agradeci\u00f3 la excelente recepci\u00f3n que el Programa Educativo tuvo de parte de la comunidad escolar de Seno Obstrucci\u00f3n.<\/p>\n\n\n\n<p>\u201cContar con el compromiso de profesores, directivos y apoderados para incorporar la tem\u00e1tica de la eficiencia energ\u00e9tica en escuelas del pa\u00eds y la regi\u00f3n, en especial de sectores aislados como Seno Obstrucci\u00f3n, es sin duda el mejor de los aportes que como Ministerio de Energ\u00eda podemos recibir. Este apoyo nos alegra y lo valoramos mucho, pues es fundamental para fortalecer nuestra cultura en materia de sostenibilidad energ\u00e9tica\u201d.<\/p>\n\n\n\n<p>En este sentido, el titular regional del ramo explic\u00f3 que el Programa Educativo ha sido formulado en conexi\u00f3n directa con los Ejes 6 (Eficiencia energ\u00e9tica), y 7 (Educaci\u00f3n y capacitaci\u00f3n) de la Ruta Energ\u00e9tica 2018 \u2013 2022.<\/p>\n\n\n\n<p>\u201cEl Gobierno del Presidente Sebasti\u00e1n Pi\u00f1era ha trazado un claro rumbo que da continuidad a las pol\u00edticas del Estado en cuanto al futuro energ\u00e9tico del pa\u00eds, donde la educaci\u00f3n, integrada por padres, apoderados, profesores y estudiantes, son protagonistas clave para generar los cambios necesarios de cara a los desaf\u00edos que el escenario medio ambiental global nos est\u00e1 exigiendo\u201d, dijo el Seremi S\u00e1ez.<\/p>\n\n\n\n<p>Finalmente, el Seremi S\u00e1ez destac\u00f3 en este contexto, que la cartera de Energ\u00eda, consciente de esta realidad, present\u00f3 al Congreso el Proyecto de Ley de Eficiencia Energ\u00e9tica, el cual ya fue aprobado por el Senado en abril de este a\u00f1o, para seguir con su tramitaci\u00f3n.<\/p>\n\n\n\n<p>Esta iniciativa legal, entre otros beneficios, permitir\u00eda al 2035 ahorrar un&nbsp;<strong>7%<\/strong>&nbsp;de energ\u00eda respecto del consumo final. Expresado en cifras, unos&nbsp;<strong>US$3.484 millones,&nbsp;<\/strong>equivalentes a una reducci\u00f3n de&nbsp;6,8 millones de toneladas de CO2.&nbsp;<\/p>\n\n\n\n<p>Es importante se\u00f1alar que la comunidad educativa, compuesta por padres y apoderados, tambi\u00e9n es parte del proceso de implementaci\u00f3n, participando en actividades de difusi\u00f3n, donde se expone lo aprendido por los estudiantes.<\/p>\n\n\n\n<p>Esta actividad se realiza en el marco del Programa de Eficiencia Energ\u00e9tica y Energ\u00edas Renovables de Magallanes, a trav\u00e9s del Ministerio de Energ\u00eda y la Agencia de Sostenibilidad Energ\u00e9tica, financiado por el Gobierno Regional de Magallanes y Ant\u00e1rtica Chilena.<\/p>\n","protected":false},"excerpt":{"rendered":"<p>A una hora de Puerto Natales, en un sector rural de la comuna, se encuentra la Escuela Seno Obstrucci\u00f3n, dependiente de la Corporaci\u00f3n Municipal. Uno de sus estudiantes es descendiente&#8230; <a class=\"read-more\" href=\"https:\/\/www.radiopresidenteibanez.cl\/web\/alumnos-descendientes-kawesqar-y-mapuche-huilliche-son-capacitados-en-el-uso-sostenible-de-la-energia-con-el-programa-educativo-integral-en-eficiencia-energetica\/\">Leer m\u00e1s<\/a><\/p>\n","protected":false},"author":2,"featured_media":6163,"comment_status":"closed","ping_status":"closed","sticky":false,"template":"","format":"standard","meta":{"footnotes":""},"categories":[1],"tags":[],"class_list":["post-6162","post","type-post","status-publish","format-standard","has-post-thumbnail","hentry","category-cronica"],"_links":{"self":[{"href":"https:\/\/www.radiopresidenteibanez.cl\/web\/wp-json\/wp\/v2\/posts\/6162","targetHints":{"allow":["GET"]}}],"collection":[{"href":"https:\/\/www.radiopresidenteibanez.cl\/web\/wp-json\/wp\/v2\/posts"}],"about":[{"href":"https:\/\/www.radiopresidenteibanez.cl\/web\/wp-json\/wp\/v2\/types\/post"}],"author":[{"embeddable":true,"href":"https:\/\/www.radiopresidenteibanez.cl\/web\/wp-json\/wp\/v2\/users\/2"}],"replies":[{"embeddable":true,"href":"https:\/\/www.radiopresidenteibanez.cl\/web\/wp-json\/wp\/v2\/comments?post=6162"}],"version-history":[{"count":0,"href":"https:\/\/www.radiopresidenteibanez.cl\/web\/wp-json\/wp\/v2\/posts\/6162\/revisions"}],"wp:featuredmedia":[{"embeddable":true,"href":"https:\/\/www.radiopresidenteibanez.cl\/web\/wp-json\/wp\/v2\/media\/6163"}],"wp:attachment":[{"href":"https:\/\/www.radiopresidenteibanez.cl\/web\/wp-json\/wp\/v2\/media?parent=6162"}],"wp:term":[{"taxonomy":"category","embeddable":true,"href":"https:\/\/www.radiopresidenteibanez.cl\/web\/wp-json\/wp\/v2\/categories?post=6162"},{"taxonomy":"post_tag","embeddable":true,"href":"https:\/\/www.radiopresidenteibanez.cl\/web\/wp-json\/wp\/v2\/tags?post=6162"}],"curies":[{"name":"wp","href":"https:\/\/api.w.org\/{rel}","templated":true}]}}