{"id":6160,"date":"2019-08-05T12:56:22","date_gmt":"2019-08-05T12:56:22","guid":{"rendered":"http:\/\/www.radiopresidenteibanez.cl\/web\/?p=6160"},"modified":"2019-08-05T12:56:28","modified_gmt":"2019-08-05T12:56:28","slug":"geriatra-ramon-lobos-a-medida-que-se-va-envejeciendo-las-alternativas-de-respuesta-de-los-adultos-mayores-son-cada-vez-menores","status":"publish","type":"post","link":"https:\/\/www.radiopresidenteibanez.cl\/web\/geriatra-ramon-lobos-a-medida-que-se-va-envejeciendo-las-alternativas-de-respuesta-de-los-adultos-mayores-son-cada-vez-menores\/","title":{"rendered":"GERIATRA, RAM\u00d3N LOBOS: \u201cA MEDIDA QUE SE VA ENVEJECIENDO, LAS ALTERNATIVAS DE RESPUESTA DE LOS ADULTOS MAYORES SON CADA VEZ MENORES\u201d"},"content":{"rendered":"\n<p>Para cualquier persona, sea ni\u00f1o, joven o adulto, adaptarse\na los cambios es algo complejo y que requiere de tiempo. Sin embargo, cuando se\nllega a ser adulto mayor, estos periodos de adaptaci\u00f3n al cambio se extienden y\nresultan a\u00fan m\u00e1s complejos.<\/p>\n\n\n\n<p>As\u00ed lo explica el m\u00e9dico geriatra, Ram\u00f3n Lobos V\u00e1squez,\nquien indic\u00f3 que la familia y los cuidadores juegan un rol muy importante en\nestas situaciones. \u201cA medida que se va envejeciendo, las alternativas de\nrespuesta de los adultos mayores son cada vez menores y hace que la adaptaci\u00f3n\na los cambios sea mucho m\u00e1s lenta, ya que tienen menos recursos en lo\necon\u00f3mico, en lo social, en dispositivos cognitivos, o distintas destrezas o\nhabilidades para hacerlo\u201d, explic\u00f3 el especialista, recomend\u00e1ndole a los\nfamiliares que acompa\u00f1en a sus adultos mayores en estas etapas de transici\u00f3n.<\/p>\n\n\n\n<p>\u201cHacer las transiciones lo m\u00e1s acompa\u00f1ados posible,\nprepararlos, decirles por ejemplo, \u2018el d\u00eda tanto vamos a ir al hospital, vamos\na ir donde un m\u00e9dico que te va a decir si el tratamiento sigue o hay que\ncambiarlo\u2019. (\u2026) Ir bajando las ansiedades, las expectativas\u201d, precis\u00f3 Lobos.<\/p>\n\n\n\n<p>El geriatra recomend\u00f3 que, cuando los adultos mayores tengan\nque asistir donde un m\u00e9dico o donde alg\u00fan profesional espec\u00edfico, se preparen\nlas preguntas con anticipaci\u00f3n, para que as\u00ed sea mejor atendido y se pueda dar\nrespuesta a sus inquietudes. <\/p>\n\n\n\n<p>\u201cToda transici\u00f3n, todo cambio de nivel, es necesario hacerlo\nacompa\u00f1ado. Cuando caen hospitalizados, el hospital es violento para el adulto\nmayor. Un entorno que cambia totalmente, desde la din\u00e1mica familiar hasta por\nd\u00f3nde sale o se pone el sol. Todos esos cambios se transforman en una situaci\u00f3n\ncompleja y dif\u00edcil, sobre todo si hay un compromiso del estado de salud. Por lo\ntanto, esos periodos deben ser muy acompa\u00f1ados por quienes son su familia,\nojal\u00e1 tener algo que le recuerde su hogar\u201d, puntualiz\u00f3 el m\u00e9dico.<\/p>\n","protected":false},"excerpt":{"rendered":"<p>Para cualquier persona, sea ni\u00f1o, joven o adulto, adaptarse a los cambios es algo complejo y que requiere de tiempo. Sin embargo, cuando se llega a ser adulto mayor, estos&#8230; <a class=\"read-more\" href=\"https:\/\/www.radiopresidenteibanez.cl\/web\/geriatra-ramon-lobos-a-medida-que-se-va-envejeciendo-las-alternativas-de-respuesta-de-los-adultos-mayores-son-cada-vez-menores\/\">Leer m\u00e1s<\/a><\/p>\n","protected":false},"author":2,"featured_media":2457,"comment_status":"closed","ping_status":"closed","sticky":false,"template":"","format":"standard","meta":{"footnotes":""},"categories":[1],"tags":[],"class_list":["post-6160","post","type-post","status-publish","format-standard","has-post-thumbnail","hentry","category-cronica"],"_links":{"self":[{"href":"https:\/\/www.radiopresidenteibanez.cl\/web\/wp-json\/wp\/v2\/posts\/6160","targetHints":{"allow":["GET"]}}],"collection":[{"href":"https:\/\/www.radiopresidenteibanez.cl\/web\/wp-json\/wp\/v2\/posts"}],"about":[{"href":"https:\/\/www.radiopresidenteibanez.cl\/web\/wp-json\/wp\/v2\/types\/post"}],"author":[{"embeddable":true,"href":"https:\/\/www.radiopresidenteibanez.cl\/web\/wp-json\/wp\/v2\/users\/2"}],"replies":[{"embeddable":true,"href":"https:\/\/www.radiopresidenteibanez.cl\/web\/wp-json\/wp\/v2\/comments?post=6160"}],"version-history":[{"count":0,"href":"https:\/\/www.radiopresidenteibanez.cl\/web\/wp-json\/wp\/v2\/posts\/6160\/revisions"}],"wp:featuredmedia":[{"embeddable":true,"href":"https:\/\/www.radiopresidenteibanez.cl\/web\/wp-json\/wp\/v2\/media\/2457"}],"wp:attachment":[{"href":"https:\/\/www.radiopresidenteibanez.cl\/web\/wp-json\/wp\/v2\/media?parent=6160"}],"wp:term":[{"taxonomy":"category","embeddable":true,"href":"https:\/\/www.radiopresidenteibanez.cl\/web\/wp-json\/wp\/v2\/categories?post=6160"},{"taxonomy":"post_tag","embeddable":true,"href":"https:\/\/www.radiopresidenteibanez.cl\/web\/wp-json\/wp\/v2\/tags?post=6160"}],"curies":[{"name":"wp","href":"https:\/\/api.w.org\/{rel}","templated":true}]}}