{"id":6157,"date":"2019-08-05T12:54:28","date_gmt":"2019-08-05T12:54:28","guid":{"rendered":"http:\/\/www.radiopresidenteibanez.cl\/web\/?p=6157"},"modified":"2019-08-05T12:54:33","modified_gmt":"2019-08-05T12:54:33","slug":"ninos-y-adultos-disfrutaron-con-el-show-de-la-banda-cantando-aprendo-a-hablar","status":"publish","type":"post","link":"https:\/\/www.radiopresidenteibanez.cl\/web\/ninos-y-adultos-disfrutaron-con-el-show-de-la-banda-cantando-aprendo-a-hablar\/","title":{"rendered":"NI\u00d1OS Y ADULTOS DISFRUTARON CON EL SHOW DE LA BANDA CANTANDO APRENDO A HABLAR"},"content":{"rendered":"\n<p>Una verdadera fiesta se vivi\u00f3 este domingo (4 de agosto) en\nel Gimnasio de la Confederaci\u00f3n de Punta Arenas, donde 1.500 personas llegaron\na disfrutar del show musical de la banda Cantando Aprendo a Hablar.<\/p>\n\n\n\n<p>La actividad se enmarc\u00f3 en la Cartelera Cultural de agosto,\norganizada desde el Municipio de Punta Arenas, a trav\u00e9s de la Direcci\u00f3n de\nDesarrollo Comunitario. \u201cEl n\u00famero art\u00edstico de hoy se enmarca en la Cartelera\ndel mes de agosto, que est\u00e1 enfocada principalmente para los ni\u00f1os, celebrando\nlo que es el mes del ni\u00f1o, y se suma a lo que vamos a realizar el pr\u00f3ximo\ns\u00e1bado en la Plaza de Armas, que es una tarde entretenida para ni\u00f1as y ni\u00f1os,\ncon actividades para ellos, y dos obras de teatro m\u00e1s que siguen durante el\nmes\u201d, indic\u00f3 la directora de Desarrollo Comunitario, Elena Blackwood.<\/p>\n\n\n\n<p>Los asistentes se manifestaron muy contentos con la\niniciativa, que les permiti\u00f3 disfrutar de un buen momento en familia. \u201cEs la\nprimera actividad de los ni\u00f1os que vengo y en la propaganda vi que hab\u00edan\nmuchas m\u00e1s. As\u00ed que s\u00faper contentos, saca de la rutina de la ciudad, as\u00ed que\nmis hijos felices. Ojal\u00e1 que sigan estas actividades\u201d, afirm\u00f3 Mar\u00eda Paz\nBarrientos, quien asisti\u00f3 con sus hijos Maira y Benjam\u00edn.<\/p>\n\n\n\n<p>Similar opini\u00f3n tuvo Daniela Vargas, quien asisti\u00f3 con sus\ndos hijos, su sobrino y una amiga. \u201cFant\u00e1stico me parece, que sean gratuitas\nmejor, y abiertas a toda la comunidad, me parece fabuloso, muy lindo\u201d, se\u00f1al\u00f3. <\/p>\n\n\n\n<p>Las actividades contin\u00faan el s\u00e1bado (10 de agosto) con la\ncelebraci\u00f3n del D\u00eda del Ni\u00f1o, la cual ser\u00e1 dada a conocer en detalle durante la\nsemana.<\/p>\n","protected":false},"excerpt":{"rendered":"<p>Una verdadera fiesta se vivi\u00f3 este domingo (4 de agosto) en el Gimnasio de la Confederaci\u00f3n de Punta Arenas, donde 1.500 personas llegaron a disfrutar del show musical de la&#8230; <a class=\"read-more\" href=\"https:\/\/www.radiopresidenteibanez.cl\/web\/ninos-y-adultos-disfrutaron-con-el-show-de-la-banda-cantando-aprendo-a-hablar\/\">Leer m\u00e1s<\/a><\/p>\n","protected":false},"author":2,"featured_media":6158,"comment_status":"closed","ping_status":"closed","sticky":false,"template":"","format":"standard","meta":{"footnotes":""},"categories":[1],"tags":[],"class_list":["post-6157","post","type-post","status-publish","format-standard","has-post-thumbnail","hentry","category-cronica"],"_links":{"self":[{"href":"https:\/\/www.radiopresidenteibanez.cl\/web\/wp-json\/wp\/v2\/posts\/6157","targetHints":{"allow":["GET"]}}],"collection":[{"href":"https:\/\/www.radiopresidenteibanez.cl\/web\/wp-json\/wp\/v2\/posts"}],"about":[{"href":"https:\/\/www.radiopresidenteibanez.cl\/web\/wp-json\/wp\/v2\/types\/post"}],"author":[{"embeddable":true,"href":"https:\/\/www.radiopresidenteibanez.cl\/web\/wp-json\/wp\/v2\/users\/2"}],"replies":[{"embeddable":true,"href":"https:\/\/www.radiopresidenteibanez.cl\/web\/wp-json\/wp\/v2\/comments?post=6157"}],"version-history":[{"count":0,"href":"https:\/\/www.radiopresidenteibanez.cl\/web\/wp-json\/wp\/v2\/posts\/6157\/revisions"}],"wp:featuredmedia":[{"embeddable":true,"href":"https:\/\/www.radiopresidenteibanez.cl\/web\/wp-json\/wp\/v2\/media\/6158"}],"wp:attachment":[{"href":"https:\/\/www.radiopresidenteibanez.cl\/web\/wp-json\/wp\/v2\/media?parent=6157"}],"wp:term":[{"taxonomy":"category","embeddable":true,"href":"https:\/\/www.radiopresidenteibanez.cl\/web\/wp-json\/wp\/v2\/categories?post=6157"},{"taxonomy":"post_tag","embeddable":true,"href":"https:\/\/www.radiopresidenteibanez.cl\/web\/wp-json\/wp\/v2\/tags?post=6157"}],"curies":[{"name":"wp","href":"https:\/\/api.w.org\/{rel}","templated":true}]}}