{"id":6150,"date":"2019-08-03T15:14:14","date_gmt":"2019-08-03T15:14:14","guid":{"rendered":"http:\/\/www.radiopresidenteibanez.cl\/web\/?p=6150"},"modified":"2019-08-03T15:14:38","modified_gmt":"2019-08-03T15:14:38","slug":"alcalde-radonich-se-refiere-a-la-filtracion-de-audio-en-su-contra","status":"publish","type":"post","link":"https:\/\/www.radiopresidenteibanez.cl\/web\/alcalde-radonich-se-refiere-a-la-filtracion-de-audio-en-su-contra\/","title":{"rendered":"ALCALDE RADONICH SE REFIERE A LA FILTRACI\u00d3N DE AUDIO EN SU CONTRA"},"content":{"rendered":"\n<p>DECLARACI\u00d3N P\u00daBLICA:<\/p>\n\n\n\n<p>Luego de la sesi\u00f3n de Concejo Municipal, en la que se rechaz\u00f3 la renovaci\u00f3n de la Patente correspondiente al local nocturno \u201cOdisea\u201d, recib\u00ed un mensaje de audio y texto amenazante de un n\u00famero desconocido, el cual ha sido entregado y publicado por algunos medios de comunicaci\u00f3n local.<\/p>\n\n\n\n<p>Sobre el particular puedo agregar que:<\/p>\n\n\n\n<p>1. Nunca ha existido v\u00ednculo laboral o contractual con esta persona (C\u00e9sar Paredes Ulloa).<\/p>\n\n\n\n<p>2. Conoc\u00ed a esta persona en el marco de algunas actividades de ayuda social que desarrollaba y organizaba de manera p\u00fablica en avenida Col\u00f3n y calle Bories.<\/p>\n\n\n\n<p>3. En ese contexto, siempre ha existido buena Fe en mi actuar, con el af\u00e1n de colaborar en dichos eventos.<\/p>\n\n\n\n<p>4. La grabaci\u00f3n fue realizada en el mes de diciembre del a\u00f1o 2016, antes de anunciar formalmente a los participantes del show de a\u00f1o nuevo 2016-2017.<\/p>\n\n\n\n<p>5. Por tanto, lamento la bajeza que se ha concretado, al grabar una conversaci\u00f3n telef\u00f3nica y posteriormente publicarla luego de tres a\u00f1os, la que incluso pudo ser manipulada con malas intenciones.<\/p>\n\n\n\n<p>6. Asimismo, reitero mi compromiso con el uso transparente y responsable de los dineros p\u00fablicos, como ha sido no s\u00f3lo la t\u00f3nica de nuestra gesti\u00f3n municipal, sino que a lo largo de mi vida personal y profesional.<\/p>\n\n\n\n<p>7. Finalmente, evaluar\u00e9 tomar acciones legales en contra de esta persona, puesto que de manera gratuita y sin ning\u00fan tipo de pudor, decencia entre otros calificativos, ha querido intimidar el uso de facultades legales para revocar decisiones vinculadas al quehacer municipal por esta v\u00eda.<\/p>\n\n\n\n<p>Atte.<\/p>\n\n\n\n<p>Claudio Radonich Jim\u00e9nez.<\/p>\n\n\n\n<p>Alcalde de Punta Arenas.<\/p>\n","protected":false},"excerpt":{"rendered":"<p>DECLARACI\u00d3N P\u00daBLICA: Luego de la sesi\u00f3n de Concejo Municipal, en la que se rechaz\u00f3 la renovaci\u00f3n de la Patente correspondiente al local nocturno \u201cOdisea\u201d, recib\u00ed un mensaje de audio y&#8230; <a class=\"read-more\" href=\"https:\/\/www.radiopresidenteibanez.cl\/web\/alcalde-radonich-se-refiere-a-la-filtracion-de-audio-en-su-contra\/\">Leer m\u00e1s<\/a><\/p>\n","protected":false},"author":2,"featured_media":6151,"comment_status":"closed","ping_status":"closed","sticky":false,"template":"","format":"standard","meta":{"footnotes":""},"categories":[1],"tags":[],"class_list":["post-6150","post","type-post","status-publish","format-standard","has-post-thumbnail","hentry","category-cronica"],"_links":{"self":[{"href":"https:\/\/www.radiopresidenteibanez.cl\/web\/wp-json\/wp\/v2\/posts\/6150","targetHints":{"allow":["GET"]}}],"collection":[{"href":"https:\/\/www.radiopresidenteibanez.cl\/web\/wp-json\/wp\/v2\/posts"}],"about":[{"href":"https:\/\/www.radiopresidenteibanez.cl\/web\/wp-json\/wp\/v2\/types\/post"}],"author":[{"embeddable":true,"href":"https:\/\/www.radiopresidenteibanez.cl\/web\/wp-json\/wp\/v2\/users\/2"}],"replies":[{"embeddable":true,"href":"https:\/\/www.radiopresidenteibanez.cl\/web\/wp-json\/wp\/v2\/comments?post=6150"}],"version-history":[{"count":0,"href":"https:\/\/www.radiopresidenteibanez.cl\/web\/wp-json\/wp\/v2\/posts\/6150\/revisions"}],"wp:featuredmedia":[{"embeddable":true,"href":"https:\/\/www.radiopresidenteibanez.cl\/web\/wp-json\/wp\/v2\/media\/6151"}],"wp:attachment":[{"href":"https:\/\/www.radiopresidenteibanez.cl\/web\/wp-json\/wp\/v2\/media?parent=6150"}],"wp:term":[{"taxonomy":"category","embeddable":true,"href":"https:\/\/www.radiopresidenteibanez.cl\/web\/wp-json\/wp\/v2\/categories?post=6150"},{"taxonomy":"post_tag","embeddable":true,"href":"https:\/\/www.radiopresidenteibanez.cl\/web\/wp-json\/wp\/v2\/tags?post=6150"}],"curies":[{"name":"wp","href":"https:\/\/api.w.org\/{rel}","templated":true}]}}