{"id":6146,"date":"2019-08-02T23:57:22","date_gmt":"2019-08-02T23:57:22","guid":{"rendered":"http:\/\/www.radiopresidenteibanez.cl\/web\/?p=6146"},"modified":"2019-08-02T23:57:36","modified_gmt":"2019-08-02T23:57:36","slug":"festival-de-la-patagonia-ya-tiene-su-parrilla-programatica-para-sus-tres-jornadas","status":"publish","type":"post","link":"https:\/\/www.radiopresidenteibanez.cl\/web\/festival-de-la-patagonia-ya-tiene-su-parrilla-programatica-para-sus-tres-jornadas\/","title":{"rendered":"FESTIVAL DE LA PATAGONIA YA TIENE SU PARRILLA PROGRAM\u00c1TICA PARA SUS TRES JORNADAS"},"content":{"rendered":"\n<p>Durante la ma\u00f1ana, el alcalde\nClaudio Radonich, dio a conocer la parrilla program\u00e1tica de las tres jornadas\npara el Festival Folcl\u00f3rico en la Patagonia, que se realizar\u00e1 en dependencias\ndel Gimnasio de la Confederaci\u00f3n Deportiva de Magallanes, cabe recordar que el\npr\u00f3ximo 12 de agosto comenzar\u00e1 la venta de entradas, las cuales ser\u00e1n un 50%\nv\u00eda online y el resto presencial en la boleter\u00eda del Teatro Municipal, las\nentradas tendr\u00e1n el mismo valor del 2018.<\/p>\n\n\n\n<p>JUEVES 22 DE AGOSTO<\/p>\n\n\n\n<p>Obertura<\/p>\n\n\n\n<p>Nano Stern<\/p>\n\n\n\n<p>Festival Estudiantil<\/p>\n\n\n\n<p>Competencia <\/p>\n\n\n\n<p>Felipe Avello <\/p>\n\n\n\n<p>Sin Comentario<\/p>\n\n\n\n<p>Competencia <\/p>\n\n\n\n<p>Los Tres<\/p>\n\n\n\n<p>VIERNES 23 AGOSTO<\/p>\n\n\n\n<p>Obertura<\/p>\n\n\n\n<p>Polo Rom\u00e1n y Salta Tr\u00edo <\/p>\n\n\n\n<p>Festival Estudiantil <\/p>\n\n\n\n<p>Competencia <\/p>\n\n\n\n<p>Ballet Municipal <\/p>\n\n\n\n<p>H\u00e9ctor P\u00e1vez<\/p>\n\n\n\n<p>Competencia <\/p>\n\n\n\n<p>Los Cuatro de C\u00f3rdoba<\/p>\n\n\n\n<p>S\u00c1BADO 24 AGOSTO<\/p>\n\n\n\n<p>Obertura<\/p>\n\n\n\n<p>Raly Barrionuevo<\/p>\n\n\n\n<p>Festival Estudiantil<\/p>\n\n\n\n<p>Competencia <\/p>\n\n\n\n<p>Bel\u00e9n Mora<\/p>\n\n\n\n<p>Cristian Maldonado<\/p>\n\n\n\n<p>Competencia <\/p>\n\n\n\n<p>Los Pericos <\/p>\n","protected":false},"excerpt":{"rendered":"<p>Durante la ma\u00f1ana, el alcalde Claudio Radonich, dio a conocer la parrilla program\u00e1tica de las tres jornadas para el Festival Folcl\u00f3rico en la Patagonia, que se realizar\u00e1 en dependencias del&#8230; <a class=\"read-more\" href=\"https:\/\/www.radiopresidenteibanez.cl\/web\/festival-de-la-patagonia-ya-tiene-su-parrilla-programatica-para-sus-tres-jornadas\/\">Leer m\u00e1s<\/a><\/p>\n","protected":false},"author":2,"featured_media":6148,"comment_status":"closed","ping_status":"closed","sticky":false,"template":"","format":"standard","meta":{"footnotes":""},"categories":[1,4],"tags":[],"class_list":["post-6146","post","type-post","status-publish","format-standard","has-post-thumbnail","hentry","category-cronica","category-entretenimiento-y-cultura"],"_links":{"self":[{"href":"https:\/\/www.radiopresidenteibanez.cl\/web\/wp-json\/wp\/v2\/posts\/6146","targetHints":{"allow":["GET"]}}],"collection":[{"href":"https:\/\/www.radiopresidenteibanez.cl\/web\/wp-json\/wp\/v2\/posts"}],"about":[{"href":"https:\/\/www.radiopresidenteibanez.cl\/web\/wp-json\/wp\/v2\/types\/post"}],"author":[{"embeddable":true,"href":"https:\/\/www.radiopresidenteibanez.cl\/web\/wp-json\/wp\/v2\/users\/2"}],"replies":[{"embeddable":true,"href":"https:\/\/www.radiopresidenteibanez.cl\/web\/wp-json\/wp\/v2\/comments?post=6146"}],"version-history":[{"count":0,"href":"https:\/\/www.radiopresidenteibanez.cl\/web\/wp-json\/wp\/v2\/posts\/6146\/revisions"}],"wp:featuredmedia":[{"embeddable":true,"href":"https:\/\/www.radiopresidenteibanez.cl\/web\/wp-json\/wp\/v2\/media\/6148"}],"wp:attachment":[{"href":"https:\/\/www.radiopresidenteibanez.cl\/web\/wp-json\/wp\/v2\/media?parent=6146"}],"wp:term":[{"taxonomy":"category","embeddable":true,"href":"https:\/\/www.radiopresidenteibanez.cl\/web\/wp-json\/wp\/v2\/categories?post=6146"},{"taxonomy":"post_tag","embeddable":true,"href":"https:\/\/www.radiopresidenteibanez.cl\/web\/wp-json\/wp\/v2\/tags?post=6146"}],"curies":[{"name":"wp","href":"https:\/\/api.w.org\/{rel}","templated":true}]}}