{"id":6143,"date":"2019-08-02T23:43:55","date_gmt":"2019-08-02T23:43:55","guid":{"rendered":"http:\/\/www.radiopresidenteibanez.cl\/web\/?p=6143"},"modified":"2019-08-02T23:44:18","modified_gmt":"2019-08-02T23:44:18","slug":"jaime-gutierrez-varillas-fallecio-en-horas-de-esta-tarde","status":"publish","type":"post","link":"https:\/\/www.radiopresidenteibanez.cl\/web\/jaime-gutierrez-varillas-fallecio-en-horas-de-esta-tarde\/","title":{"rendered":"JAIME GUTI\u00c9RREZ VARILLAS FALLECI\u00d3 EN HORAS DE ESTA TARDE"},"content":{"rendered":"\n<p>Luego de una larga y compleja enfermedad durante la jornada\nde esta tarde lamentablemente dejo de existir, el ganadero, empresario y fil\u00e1ntropo\nmagall\u00e1nico, Jaime Guti\u00e9rrez Varillas, quien el pasado 22 de julio fuera\nelegido como Ciudadano Ilustre de Magallanes, galard\u00f3n que ser\u00eda entregado el\npr\u00f3ximo 21 de octubre en el D\u00eda de la Regi\u00f3n. <\/p>\n\n\n\n<p>Desafortunadamente dicha envestidura no podr\u00e1 ser entregada\nen vida, desde nuestra emisora le hacemos llegar el sentido p\u00e9same y fuerza a\nsu se\u00f1ora Ruth Mu\u00f1oz e hijos Carmen y Jos\u00e9 Guti\u00e9rrez Mu\u00f1oz.<\/p>\n\n\n\n<p>Sin duda que este deceso apena a miles de personas en Magallanes\nya que mucho admiraban y agradec\u00edan su labor social hac\u00eda la comunidad. <\/p>\n","protected":false},"excerpt":{"rendered":"<p>Luego de una larga y compleja enfermedad durante la jornada de esta tarde lamentablemente dejo de existir, el ganadero, empresario y fil\u00e1ntropo magall\u00e1nico, Jaime Guti\u00e9rrez Varillas, quien el pasado 22&#8230; <a class=\"read-more\" href=\"https:\/\/www.radiopresidenteibanez.cl\/web\/jaime-gutierrez-varillas-fallecio-en-horas-de-esta-tarde\/\">Leer m\u00e1s<\/a><\/p>\n","protected":false},"author":2,"featured_media":6144,"comment_status":"closed","ping_status":"closed","sticky":false,"template":"","format":"standard","meta":{"footnotes":""},"categories":[1],"tags":[],"class_list":["post-6143","post","type-post","status-publish","format-standard","has-post-thumbnail","hentry","category-cronica"],"_links":{"self":[{"href":"https:\/\/www.radiopresidenteibanez.cl\/web\/wp-json\/wp\/v2\/posts\/6143","targetHints":{"allow":["GET"]}}],"collection":[{"href":"https:\/\/www.radiopresidenteibanez.cl\/web\/wp-json\/wp\/v2\/posts"}],"about":[{"href":"https:\/\/www.radiopresidenteibanez.cl\/web\/wp-json\/wp\/v2\/types\/post"}],"author":[{"embeddable":true,"href":"https:\/\/www.radiopresidenteibanez.cl\/web\/wp-json\/wp\/v2\/users\/2"}],"replies":[{"embeddable":true,"href":"https:\/\/www.radiopresidenteibanez.cl\/web\/wp-json\/wp\/v2\/comments?post=6143"}],"version-history":[{"count":0,"href":"https:\/\/www.radiopresidenteibanez.cl\/web\/wp-json\/wp\/v2\/posts\/6143\/revisions"}],"wp:featuredmedia":[{"embeddable":true,"href":"https:\/\/www.radiopresidenteibanez.cl\/web\/wp-json\/wp\/v2\/media\/6144"}],"wp:attachment":[{"href":"https:\/\/www.radiopresidenteibanez.cl\/web\/wp-json\/wp\/v2\/media?parent=6143"}],"wp:term":[{"taxonomy":"category","embeddable":true,"href":"https:\/\/www.radiopresidenteibanez.cl\/web\/wp-json\/wp\/v2\/categories?post=6143"},{"taxonomy":"post_tag","embeddable":true,"href":"https:\/\/www.radiopresidenteibanez.cl\/web\/wp-json\/wp\/v2\/tags?post=6143"}],"curies":[{"name":"wp","href":"https:\/\/api.w.org\/{rel}","templated":true}]}}