{"id":6140,"date":"2019-08-02T23:29:51","date_gmt":"2019-08-02T23:29:51","guid":{"rendered":"http:\/\/www.radiopresidenteibanez.cl\/web\/?p=6140"},"modified":"2019-08-02T23:30:31","modified_gmt":"2019-08-02T23:30:31","slug":"a-la-chilena-por-pablo-cruz","status":"publish","type":"post","link":"https:\/\/www.radiopresidenteibanez.cl\/web\/a-la-chilena-por-pablo-cruz\/","title":{"rendered":"A LA CHILENA por PABLO CRUZ"},"content":{"rendered":"\n<p>Como parece haber consenso en los l\u00edderes americanos de que al gobierno de Nicol\u00e1s Maduro le queda poca cuerda, ya han surgido voces de qu\u00e9 se va a hacer cuando el presidente venezolano caiga.<\/p>\n\n\n\n<p>Un entusiasta nacionalista criollo ha declarado a los medios de comunicaci\u00f3n que lo que Venezuela tiene que hacer es copiar la transici\u00f3n chilena.<\/p>\n\n\n\n<p>\u00bfEn qu\u00e9 consiste la transici\u00f3n chilena? En desarmar los andamios o tinglados (v\u00e9ase el diccionario) de la dictadura \u201cen la medida de lo posible\u201d, como la defini\u00f3 el presidente Patricio Aylwin. O en maquillar un poco el tinglado, como lo hizo el presidente Ricardo Lagos.<\/p>\n\n\n\n<p>Lo explica un&nbsp; pol\u00edtico: \u201cesto de deshacer todo no es prudente, hay que analizar caso a caso.\u201d Por eso es que aunque la Concertaci\u00f3n pre gobierno de Aylwin se mostr\u00f3 escandalizada con las privatizaciones de la dictadura, una vez en el gobierno continu\u00f3 privatizando, aunque no fuera necesario. Ejemplo, el agua en&nbsp; Magallanes.<\/p>\n\n\n\n<p>Por otra parte, la transici\u00f3n nacional significa terminar con los odios. Por eso mismo, se entiende que medios period\u00edsticos que se enfrentaron a la dictadura, ya no tienen raz\u00f3n de ser, ya no hay que ser tan rebeldes ni tan cr\u00edticos.<\/p>\n\n\n\n<p>La cosa es que la transici\u00f3n a la chilena ha funcionado tan perfectamente que son muchas las herencias de la dictadura que siguen vigentes, esperando un tiempo prudente para cambiar las cosas.<\/p>\n\n\n\n<p>La duda es si la transici\u00f3n chilensis, el paso de una dictadura de derecha a un conglomerado \u201cprogresista\u201d, funcionar\u00e1 a la inversa, es decir, de una dictadura de izquierda a un sistema no tan progresista.<\/p>\n","protected":false},"excerpt":{"rendered":"<p>Como parece haber consenso en los l\u00edderes americanos de que al gobierno de Nicol\u00e1s Maduro le queda poca cuerda, ya han surgido voces de qu\u00e9 se va a hacer cuando&#8230; <a class=\"read-more\" href=\"https:\/\/www.radiopresidenteibanez.cl\/web\/a-la-chilena-por-pablo-cruz\/\">Leer m\u00e1s<\/a><\/p>\n","protected":false},"author":2,"featured_media":6141,"comment_status":"closed","ping_status":"closed","sticky":false,"template":"","format":"standard","meta":{"footnotes":""},"categories":[1],"tags":[],"class_list":["post-6140","post","type-post","status-publish","format-standard","has-post-thumbnail","hentry","category-cronica"],"_links":{"self":[{"href":"https:\/\/www.radiopresidenteibanez.cl\/web\/wp-json\/wp\/v2\/posts\/6140","targetHints":{"allow":["GET"]}}],"collection":[{"href":"https:\/\/www.radiopresidenteibanez.cl\/web\/wp-json\/wp\/v2\/posts"}],"about":[{"href":"https:\/\/www.radiopresidenteibanez.cl\/web\/wp-json\/wp\/v2\/types\/post"}],"author":[{"embeddable":true,"href":"https:\/\/www.radiopresidenteibanez.cl\/web\/wp-json\/wp\/v2\/users\/2"}],"replies":[{"embeddable":true,"href":"https:\/\/www.radiopresidenteibanez.cl\/web\/wp-json\/wp\/v2\/comments?post=6140"}],"version-history":[{"count":0,"href":"https:\/\/www.radiopresidenteibanez.cl\/web\/wp-json\/wp\/v2\/posts\/6140\/revisions"}],"wp:featuredmedia":[{"embeddable":true,"href":"https:\/\/www.radiopresidenteibanez.cl\/web\/wp-json\/wp\/v2\/media\/6141"}],"wp:attachment":[{"href":"https:\/\/www.radiopresidenteibanez.cl\/web\/wp-json\/wp\/v2\/media?parent=6140"}],"wp:term":[{"taxonomy":"category","embeddable":true,"href":"https:\/\/www.radiopresidenteibanez.cl\/web\/wp-json\/wp\/v2\/categories?post=6140"},{"taxonomy":"post_tag","embeddable":true,"href":"https:\/\/www.radiopresidenteibanez.cl\/web\/wp-json\/wp\/v2\/tags?post=6140"}],"curies":[{"name":"wp","href":"https:\/\/api.w.org\/{rel}","templated":true}]}}