{"id":6137,"date":"2019-08-02T23:24:22","date_gmt":"2019-08-02T23:24:22","guid":{"rendered":"http:\/\/www.radiopresidenteibanez.cl\/web\/?p=6137"},"modified":"2019-08-02T23:24:45","modified_gmt":"2019-08-02T23:24:45","slug":"mop-realiza-masiva-participacion-ciudadana-por-proyecto-que-dotara-de-agua-potable-a-800-familias","status":"publish","type":"post","link":"https:\/\/www.radiopresidenteibanez.cl\/web\/mop-realiza-masiva-participacion-ciudadana-por-proyecto-que-dotara-de-agua-potable-a-800-familias\/","title":{"rendered":"MOP REALIZA MASIVA PARTICIPACI\u00d3N CIUDADANA POR PROYECTO QUE DOTAR\u00c1 DE AGUA POTABLE A 800 FAMILIAS"},"content":{"rendered":"\n<p>La Direcci\u00f3n de\nObras Hidr\u00e1ulicas del Ministerio de Obras P\u00fablicas, realiz\u00f3 este jueves una\nmasiva actividad de participaci\u00f3n ciudadana, en la que los m\u00e1s de 300 vecinos\nasistentes pudieron conocer en detalle el proyecto que dotar\u00e1 de agua potable a\n800 familias de los sectores Loteo Vrsalovic, Ojo Bueno y Calafate.<\/p>\n\n\n\n<p>El Seremi de Obras\nP\u00fablicas, Pablo Rendoll, destac\u00f3 que \u201cel objetivo de este tipo de actividades\nes involucrar a los ciudadanos en el desarrollo del proyecto, entreg\u00e1ndoles\ninformaci\u00f3n detallada de la construcci\u00f3n del sistema de agua potable y\nrecepcionando sus inquietudes, opiniones y sugerencias, para entregarles\nrespuesta y soluciones oportunas\u201d.<\/p>\n\n\n\n<p>La actividad cont\u00f3\ncon la presencia del Intendente Jos\u00e9 Fern\u00e1ndez, Consejero Regional Antonio\nBradasic, Concejala Daniela Panicucci, Director Regional de Obras Hidr\u00e1ulicas\nJorge Martinic, Jefe Regional de la Superintendencia de Servicios Sanitarios\nAlejandro Soto, y Carabineros, entre otros.&nbsp;\n&nbsp;<\/p>\n\n\n\n<p>La m\u00e1xima\nautoridad regional, junto con valorar la alta asistencia de los vecinos, remarc\u00f3\nque: \u201cEstamos comenzando con este proyecto de agua potable rural, para ir completando\ntodos los servicios b\u00e1sicos, porque esta es una forma de ir desarrollando\nnuestra comuna y nuestra regi\u00f3n\u201d.<\/p>\n\n\n\n<p>Se invertir\u00e1n m\u00e1s\nde $6.000 millones en este anhelado proyecto, que permitir\u00e1 dotar de este vital\nelemento a los residentes del sector periurbano norte de Punta Arenas.<\/p>\n\n\n\n<p>Se trata de un financiamiento\ndel Gobierno Regional y del Plan de Zonas Extremas, estim\u00e1ndose la construcci\u00f3n\ndel sistema en un plazo de &nbsp;dos a\u00f1os.<\/p>\n","protected":false},"excerpt":{"rendered":"<p>La Direcci\u00f3n de Obras Hidr\u00e1ulicas del Ministerio de Obras P\u00fablicas, realiz\u00f3 este jueves una masiva actividad de participaci\u00f3n ciudadana, en la que los m\u00e1s de 300 vecinos asistentes pudieron conocer&#8230; <a class=\"read-more\" href=\"https:\/\/www.radiopresidenteibanez.cl\/web\/mop-realiza-masiva-participacion-ciudadana-por-proyecto-que-dotara-de-agua-potable-a-800-familias\/\">Leer m\u00e1s<\/a><\/p>\n","protected":false},"author":2,"featured_media":6138,"comment_status":"closed","ping_status":"closed","sticky":false,"template":"","format":"standard","meta":{"footnotes":""},"categories":[1],"tags":[],"class_list":["post-6137","post","type-post","status-publish","format-standard","has-post-thumbnail","hentry","category-cronica"],"_links":{"self":[{"href":"https:\/\/www.radiopresidenteibanez.cl\/web\/wp-json\/wp\/v2\/posts\/6137","targetHints":{"allow":["GET"]}}],"collection":[{"href":"https:\/\/www.radiopresidenteibanez.cl\/web\/wp-json\/wp\/v2\/posts"}],"about":[{"href":"https:\/\/www.radiopresidenteibanez.cl\/web\/wp-json\/wp\/v2\/types\/post"}],"author":[{"embeddable":true,"href":"https:\/\/www.radiopresidenteibanez.cl\/web\/wp-json\/wp\/v2\/users\/2"}],"replies":[{"embeddable":true,"href":"https:\/\/www.radiopresidenteibanez.cl\/web\/wp-json\/wp\/v2\/comments?post=6137"}],"version-history":[{"count":0,"href":"https:\/\/www.radiopresidenteibanez.cl\/web\/wp-json\/wp\/v2\/posts\/6137\/revisions"}],"wp:featuredmedia":[{"embeddable":true,"href":"https:\/\/www.radiopresidenteibanez.cl\/web\/wp-json\/wp\/v2\/media\/6138"}],"wp:attachment":[{"href":"https:\/\/www.radiopresidenteibanez.cl\/web\/wp-json\/wp\/v2\/media?parent=6137"}],"wp:term":[{"taxonomy":"category","embeddable":true,"href":"https:\/\/www.radiopresidenteibanez.cl\/web\/wp-json\/wp\/v2\/categories?post=6137"},{"taxonomy":"post_tag","embeddable":true,"href":"https:\/\/www.radiopresidenteibanez.cl\/web\/wp-json\/wp\/v2\/tags?post=6137"}],"curies":[{"name":"wp","href":"https:\/\/api.w.org\/{rel}","templated":true}]}}