{"id":6131,"date":"2019-08-02T23:17:55","date_gmt":"2019-08-02T23:17:55","guid":{"rendered":"http:\/\/www.radiopresidenteibanez.cl\/web\/?p=6131"},"modified":"2019-08-02T23:18:10","modified_gmt":"2019-08-02T23:18:10","slug":"indap-reconoce-a-cuatro-campesinos-por-su-esfuerzo-y-ganadero-lechero-recibe-premio-talento-rural","status":"publish","type":"post","link":"https:\/\/www.radiopresidenteibanez.cl\/web\/indap-reconoce-a-cuatro-campesinos-por-su-esfuerzo-y-ganadero-lechero-recibe-premio-talento-rural\/","title":{"rendered":"INDAP RECONOCE A CUATRO CAMPESINOS POR SU ESFUERZO Y GANADERO LECHERO RECIBE PREMIO \u201cTALENTO RURAL\u201d"},"content":{"rendered":"\n<p>Eugenio Mart\u00ednez Gil, de Isla Hoste; Mar\u00eda Isabel C\u00e1rcamo Gallardo, de Puerto Natales;&nbsp;Soraya Deicy Ra\u00edn Gonz\u00e1lez, de Porvenir; y&nbsp;Rosa Emilia Vera Ojeda, de Puerto Natales&nbsp;fueron destacados por su creatividad, innovaci\u00f3n y esfuerzos durante la Celebraci\u00f3n del D\u00eda delCampesino&nbsp;realizado hoy en la ciudad de Punta Arenas. Todos tienen en com\u00fan m\u00e1s de 20 a\u00f1os trabajando la tierra en distintas provincias de Magallanes.<\/p>\n\n\n\n<p>Cada uno de los premiados recibi\u00f3 una estatuilla de lana que los imita en sus faenas&nbsp;diarias. La obra fue realizada por una artesana de la comuna de Puerto Natales.&nbsp;&nbsp;A su vez, los asistentes al evento recibieron un peque\u00f1o canasto con productos regionales, todo hecho de lana por la artesana, Kathy Diaz de Puerto Natales.<\/p>\n\n\n\n<p>En tanto, al ganadero lechero Jos\u00e9 Luis Mallada se le otorg\u00f3 el premio \u201cTalento Rural\u201d, la iniciativa fue presentada por Agropampa y apoyada por sus propios pares que resaltaron el trabajo y las capacidades para desarrollar innovaciones en el predio.&nbsp;<\/p>\n\n\n\n<p>M\u00e1s tarde, en un emotivo video se dio cuenta de las giras t\u00e9cnicas realizada por agricultores a distintos pa\u00edses:&nbsp;Espa\u00f1a, Australia, M\u00e9xico, Uruguay y Holanda.&nbsp;&nbsp;Un recorrido hacia nuevas tecnolog\u00edas, intercambio conocimientos con pares y aprendiendo de emprendimientos exitosos.<\/p>\n\n\n\n<p>En total 45 peque\u00f1os agricultores y ganaderos han salido del pa\u00eds, la mayor\u00eda por primera vez. Sin el apoyo del Gobierno Regional, las giras t\u00e9cnicas hoy estar\u00edan en la lista de los imposibles.<\/p>\n\n\n\n<p>La \u00faltima fue a Uruguay. En el d\u00eda del Campesino se valor\u00f3 esas experiencias y refrend\u00f3 las palabras del escritor Mark Twain: \u201cViajar es un ejercicio con consecuencias fatales para los prejuicios, la intolerancia y la estrechez de mente\u201d.<\/p>\n\n\n\n<p>En la ocasi\u00f3n, Patricia&nbsp;Delgado, Presidenta&nbsp;del&nbsp;Consejo Asesor Regional&nbsp;Campesino&nbsp;hizo un llamado a las autoridades a mantener el convenio de programaci\u00f3n suscrito entre INDAP y el Gobierno Regional y a romper el aislamiento agr\u00edcola que aflora cada vez que hay cortes de fronteras.&nbsp;&nbsp;\u201cSe cierra y quedamos aislados y desabastecidos en hortalizas. Eso no puede ocurrir, tenemos que trabajar para proveer&nbsp;el&nbsp;mercado local, tenemos un 90% para crecer. Y perd\u00f3nenme pero las hortalizas y frutos que ac\u00e1 se producen no tienen ninguna comparaci\u00f3n con la&nbsp;del&nbsp;resto&nbsp;del&nbsp;pa\u00eds, la gente valora lo nuestro porque es sano, fresco e inocuo\u201d, indic\u00f3.<br>Asimismo hizo un llamado a las autoridades a seguir apoyando a la agricultura familiar campesina, y a trabajar coordinados.&nbsp;&nbsp;\u201cUno de los grandes problemas que enfrentamos es la falta de tierra para hacer agricultura\u201d, precis\u00f3.<\/p>\n\n\n\n<p>En tanto, Petar Bradasic, director regional de INDAP, valor\u00f3 los avances y las posibilidades que tienen hoy los agricultores de crecer y avanzar.&nbsp;<\/p>\n\n\n\n<p>\u201cHay un salto enorme en estos \u00faltimos a\u00f1os en lo que respecta a infraestructura, giras t\u00e9cnicas, y conocimientos. La \u00faltima temporada logramos sacar m\u00e1s productos y vender en m\u00e1s lugares. Tenemos que ser capaces de transformar los problemas en oportunidades y el desabastecimiento por el cierre de fronteras ocurre en un momento en que no hay producci\u00f3n local por la estacionalidad y hacia all\u00e1 tenemos que avanzar, hay que romperla\u201d, asegur\u00f3 Bradasic.<\/p>\n\n\n\n<p>Por otro lado, la autoridad recalc\u00f3 la creatividad, el esfuerzo, la trayectoria y la innovaci\u00f3n de los premiados.&nbsp;&nbsp;\u201cCada uno tiene un curr\u00edculum que representa lo mejor de la agricultura regional. Cada uno a&nbsp;diario pone su mejor talento para desarrollar y sostener en el tiempo una agricultura de calidad.&nbsp;&nbsp;Son ejemplos dignos de imitar que engrandecen al mundo&nbsp;campesino\u201d, precis\u00f3.<br>La fiesta campesina fue acompa\u00f1ada por el Intendente de Magallanes, Jos\u00e9 Fern\u00e1ndez; la diputada Sandra Amar; el seremi de Agricultura, Alfonso Roux, y distintas autoridades del gobierno.&nbsp;<\/p>\n\n\n\n<p>El Intendente Jos\u00e9 Fern\u00e1ndez, apreci\u00f3 el compromiso de los agricultores y la importancia de trabajar en conjunto al Gobierno Regional para potenciar la agricultura y aumentar la producci\u00f3n local.&nbsp; De igual forma, destac\u00f3 los \u00e9nfasis&nbsp;del&nbsp;Gobierno con la agricultura regional, resaltando la importancia de Traer el campo a la ciudad, como una forma de establecer puentes entre quienes est\u00e1n unidos por un mismo territorio, identidad y cultura.<br><br><\/p>\n\n\n\n<p><strong>Campesinos premiados<\/strong><\/p>\n\n\n\n<p>Los destacados llegaron de todas las provincias de Magallanes a compartir la fiesta campesina y recibir el reconocimiento de INDAP.<\/p>\n\n\n\n<p>Eugenio Mart\u00ednez Gil hace patria en la isla Hoste, ubicada a un par de horas de navegaci\u00f3n de Puerto Williams. Junto a su esposa son los \u00fanicos habitantes de la peque\u00f1a \u00ednsula.&nbsp;<\/p>\n\n\n\n<p>En tanto, Mar\u00eda Isabel c\u00e1rcamo gallardo refleja la responsabilidad y el compromiso principalmente por la ganader\u00eda, en el sector de Dorotea.&nbsp;Entre sus m\u00e9ritos destaca la capacidad permanente de innovaci\u00f3n.<\/p>\n\n\n\n<p>En Tierra del Fuego, Soraya Deicy Ra\u00edn Gonz\u00e1lez participa activamente del Prodesal de la ciudad de Porvenir y en su predio de una hect\u00e1rea produce hortalizas en invernaderos, y tambi\u00e9n al aire libre.&nbsp;&nbsp;todos los d\u00edas desaf\u00eda al clima y buscar transformar la estepa bald\u00eda en un vergel.&nbsp;gracias a su esfuerzo tiene una producci\u00f3n que le permite abastacer algunos negocios de la zona y cuenta, adem\u00e1s, con una asesor\u00eda permanente de Indap y un apoyo para mejorar su infraestructura: tiene un pozo que comparte con sus vecinos, gracias al programa asociativo impulsado por Indap y financiado por el gobierno regional de Magallanes.<\/p>\n\n\n\n<p><strong>Rosa Emilia Vera Ojeda&nbsp;<\/strong>ha realizado diferentes actividades, pero por m\u00e1s de 18 a\u00f1os est\u00e1 dedicada a la agricultura, con producci\u00f3n de hortalizas en invernaderos y papas, repollos y ruibarbo en cultivos a la intemperie.<\/p>\n\n\n\n<p>Tambi\u00e9n a la artesan\u00eda (m\u00e1s de 28 a\u00f1os), es una de las pioneras en vender en la plaza de punta arenas. trabaja con la lana de oveja y hace todo el proceso desde lavar hasta dar vida a diferentes y hermosos tejidos.&nbsp;&nbsp;Hoy la destacamos por su aporte a la identidad regional y su incansable esfuerzo por hacer de punta arenas un lugar m\u00e1s agr\u00edcola y sustentable.&nbsp;&nbsp;<\/p>\n\n\n\n<p>Tras los discursos, la m\u00fasica se apoder\u00f3&nbsp;del&nbsp;escenario y la agrupaci\u00f3n Lachken hizo bailar a&nbsp;campesinos y autoridades.<\/p>\n\n\n\n<p>El martes 6 de agosto y el jueves 8 de agosto la fiesta campesina se celebrar\u00e1 tambi\u00e9n en Puerto Natales y Porvenir, respectivamente.<\/p>\n","protected":false},"excerpt":{"rendered":"<p>Eugenio Mart\u00ednez Gil, de Isla Hoste; Mar\u00eda Isabel C\u00e1rcamo Gallardo, de Puerto Natales;&nbsp;Soraya Deicy Ra\u00edn Gonz\u00e1lez, de Porvenir; y&nbsp;Rosa Emilia Vera Ojeda, de Puerto Natales&nbsp;fueron destacados por su creatividad, innovaci\u00f3n&#8230; <a class=\"read-more\" href=\"https:\/\/www.radiopresidenteibanez.cl\/web\/indap-reconoce-a-cuatro-campesinos-por-su-esfuerzo-y-ganadero-lechero-recibe-premio-talento-rural\/\">Leer m\u00e1s<\/a><\/p>\n","protected":false},"author":2,"featured_media":6132,"comment_status":"closed","ping_status":"closed","sticky":false,"template":"","format":"standard","meta":{"footnotes":""},"categories":[1],"tags":[],"class_list":["post-6131","post","type-post","status-publish","format-standard","has-post-thumbnail","hentry","category-cronica"],"_links":{"self":[{"href":"https:\/\/www.radiopresidenteibanez.cl\/web\/wp-json\/wp\/v2\/posts\/6131","targetHints":{"allow":["GET"]}}],"collection":[{"href":"https:\/\/www.radiopresidenteibanez.cl\/web\/wp-json\/wp\/v2\/posts"}],"about":[{"href":"https:\/\/www.radiopresidenteibanez.cl\/web\/wp-json\/wp\/v2\/types\/post"}],"author":[{"embeddable":true,"href":"https:\/\/www.radiopresidenteibanez.cl\/web\/wp-json\/wp\/v2\/users\/2"}],"replies":[{"embeddable":true,"href":"https:\/\/www.radiopresidenteibanez.cl\/web\/wp-json\/wp\/v2\/comments?post=6131"}],"version-history":[{"count":0,"href":"https:\/\/www.radiopresidenteibanez.cl\/web\/wp-json\/wp\/v2\/posts\/6131\/revisions"}],"wp:featuredmedia":[{"embeddable":true,"href":"https:\/\/www.radiopresidenteibanez.cl\/web\/wp-json\/wp\/v2\/media\/6132"}],"wp:attachment":[{"href":"https:\/\/www.radiopresidenteibanez.cl\/web\/wp-json\/wp\/v2\/media?parent=6131"}],"wp:term":[{"taxonomy":"category","embeddable":true,"href":"https:\/\/www.radiopresidenteibanez.cl\/web\/wp-json\/wp\/v2\/categories?post=6131"},{"taxonomy":"post_tag","embeddable":true,"href":"https:\/\/www.radiopresidenteibanez.cl\/web\/wp-json\/wp\/v2\/tags?post=6131"}],"curies":[{"name":"wp","href":"https:\/\/api.w.org\/{rel}","templated":true}]}}