{"id":6127,"date":"2019-08-02T21:06:19","date_gmt":"2019-08-02T21:06:19","guid":{"rendered":"http:\/\/www.radiopresidenteibanez.cl\/web\/?p=6127"},"modified":"2019-08-02T21:06:24","modified_gmt":"2019-08-02T21:06:24","slug":"comision-de-defensa-de-la-camara-de-diputados-sesiono-en-base-aerea-antartica-presidente-eduardo-frei-montalva","status":"publish","type":"post","link":"https:\/\/www.radiopresidenteibanez.cl\/web\/comision-de-defensa-de-la-camara-de-diputados-sesiono-en-base-aerea-antartica-presidente-eduardo-frei-montalva\/","title":{"rendered":"COMISI\u00d3N DE DEFENSA DE LA C\u00c1MARA DE DIPUTADOS SESION\u00d3 EN BASE A\u00c9REA ANT\u00c1RTICA \u201cPRESIDENTE EDUARDO FREI MONTALVA\u201d"},"content":{"rendered":"\n<p>La\nComisi\u00f3n de Defensa de la C\u00e1mara de Diputados sesion\u00f3 el mi\u00e9rcoles en la Base\n\u00c1rea Ant\u00e1rtica \u201cPresidente Eduardo Frei Montalva\u201d, invitada por la Fuerza A\u00e9rea\nde Chile (Fach) con el prop\u00f3sito de conocer en terreno el trabajo y aporte que\nrealiza la instituci\u00f3n en materia de soberan\u00eda y apoyo a la investigaci\u00f3n, a\ntrav\u00e9s de su presencia en el territorio blanco. <\/p>\n\n\n\n<p>La\nmesa se constituy\u00f3 con la participaci\u00f3n especial de la Fach, representada por\nel Comandante en Jefe de la instituci\u00f3n, General del Aire Arturo Merino Nu\u00f1ez; el\nComandante de Comando de Combate, General de Aviaci\u00f3n Cristian Pizarro\nStiepovich; y el Comandante en Jefe de la IV Brigada A\u00e9rea, General de Brigada\nA\u00e9rea (A) Eduardo Mosqueira Cruz; junto con la presencia del Jefe de Gabinete\ndel Ministerio de Defensa Nacional, Pablo Urqu\u00edzar. <\/p>\n\n\n\n<p>En la\ninstancia, el Coronel de Aviaci\u00f3n (BA) Germ\u00e1n Meneses expuso el plan general de\nconstrucciones de las instalaciones nacionales en la Isla Rey Jorge, que\ncontempla la modernizaci\u00f3n y mejoramiento de la infraestructura, para permitir\nla funcionalidad operativa y log\u00edstica en la Base Frei. Y, posteriormente, se\nrealiz\u00f3 una revista inspectiva por el complejo de la Base A\u00e9rea, conociendo las\ninstalaciones, los medios y el equipo humano asentado en el continente blanco.<\/p>\n\n\n\n<p>&nbsp;\u201cEs un tremendo orgullo estar presente ac\u00e1,\nporque muchas veces se hacen esfuerzos en nombre de Chile, pero estos no se\nsaben, y el rol de la Comisi\u00f3n no s\u00f3lo es legislar y fiscalizar sino que\ntambi\u00e9n ayudar permanentemente a contarle a la sociedad todos los esfuerzos que\nse hacen tanto para el resguardo de su bienestar y para la tranquilidad del\npa\u00eds como para proyectar en nuestro Estado democr\u00e1tico una visi\u00f3n de futuro\u201d,\nexpres\u00f3 el presidente de la Comisi\u00f3n de Defensa de la C\u00e1mara de Diputados,\nJorge Brito.<\/p>\n\n\n\n<p>En\ntanto, el jefe de Gabinete del Ministerio de Defensa Nacional destac\u00f3 la enorme\nlabor de los funcionarios de la Fuerza A\u00e9rea que est\u00e1n resguardando el derecho\nsoberano del territorio ant\u00e1rtico, muchas veces de forma silenciosa y con la\ndureza del clima extremo, pero con firmeza y vocaci\u00f3n, al servicio del pa\u00eds. \u201cTransmito\nel mensaje del Ministro de Defensa de expresar una profunda admiraci\u00f3n a la\nlabor que hacen, de excelencia, abnegada y silenciosa, todos y cada uno de los\nfuncionarios, haciendo presencia efectiva y ejerciendo soberan\u00eda\u201d, destac\u00f3 Urqu\u00edzar,\nagradeciendo y felicitando la oportunidad brindada por la Fuerza A\u00e9rea.<\/p>\n\n\n\n<p>Por su\nparte, la integrante de la Comisi\u00f3n de Defensa y vicepresidenta de la C\u00e1mara de\nDiputados, Loreto Carvajal, manifest\u00f3 su inter\u00e9s por incentivar la\nincorporaci\u00f3n de personal femenino a la instituci\u00f3n, agradeciendo la\ndisposici\u00f3n de la Fach en esta materia. \u201cEs un honor poder comunicarnos con las\nmujeres que forman parte de esta IV<sup>a<\/sup> Brigada A\u00e9rea. Gracias por abrir\nla puerta, s\u00e9 que hay voluntad, y espero que se unan m\u00e1s mujeres para\nconquistar los cielos del mundo\u201d, afirm\u00f3.<\/p>\n\n\n\n<p>La\ndelegaci\u00f3n parlamentaria que arrib\u00f3 en territorio ant\u00e1rtico estuvo compuesta\npor los diputados: Jorge Brito, Loreto Carvajal, Leornado Soto, Luis Pardo,\nGabriel Ascencio, Osvaldo Urrutia, Carlos Kuschel, Patricio Melero y Cristhian\nMoreira; el abogado secretario de la Comisi\u00f3n de Defensa, Juan Pablo\nGalleguillos; el abogado secretario de la Comisi\u00f3n Especial Investigadora de la\nC\u00e1mara de Diputados, Mario Rebolledo; y la invitaci\u00f3n especial del jefe de\nGabinete del Ministerio de Defensa Nacional.<\/p>\n","protected":false},"excerpt":{"rendered":"<p>La Comisi\u00f3n de Defensa de la C\u00e1mara de Diputados sesion\u00f3 el mi\u00e9rcoles en la Base \u00c1rea Ant\u00e1rtica \u201cPresidente Eduardo Frei Montalva\u201d, invitada por la Fuerza A\u00e9rea de Chile (Fach) con&#8230; <a class=\"read-more\" href=\"https:\/\/www.radiopresidenteibanez.cl\/web\/comision-de-defensa-de-la-camara-de-diputados-sesiono-en-base-aerea-antartica-presidente-eduardo-frei-montalva\/\">Leer m\u00e1s<\/a><\/p>\n","protected":false},"author":2,"featured_media":6128,"comment_status":"closed","ping_status":"closed","sticky":false,"template":"","format":"standard","meta":{"footnotes":""},"categories":[1],"tags":[],"class_list":["post-6127","post","type-post","status-publish","format-standard","has-post-thumbnail","hentry","category-cronica"],"_links":{"self":[{"href":"https:\/\/www.radiopresidenteibanez.cl\/web\/wp-json\/wp\/v2\/posts\/6127","targetHints":{"allow":["GET"]}}],"collection":[{"href":"https:\/\/www.radiopresidenteibanez.cl\/web\/wp-json\/wp\/v2\/posts"}],"about":[{"href":"https:\/\/www.radiopresidenteibanez.cl\/web\/wp-json\/wp\/v2\/types\/post"}],"author":[{"embeddable":true,"href":"https:\/\/www.radiopresidenteibanez.cl\/web\/wp-json\/wp\/v2\/users\/2"}],"replies":[{"embeddable":true,"href":"https:\/\/www.radiopresidenteibanez.cl\/web\/wp-json\/wp\/v2\/comments?post=6127"}],"version-history":[{"count":0,"href":"https:\/\/www.radiopresidenteibanez.cl\/web\/wp-json\/wp\/v2\/posts\/6127\/revisions"}],"wp:featuredmedia":[{"embeddable":true,"href":"https:\/\/www.radiopresidenteibanez.cl\/web\/wp-json\/wp\/v2\/media\/6128"}],"wp:attachment":[{"href":"https:\/\/www.radiopresidenteibanez.cl\/web\/wp-json\/wp\/v2\/media?parent=6127"}],"wp:term":[{"taxonomy":"category","embeddable":true,"href":"https:\/\/www.radiopresidenteibanez.cl\/web\/wp-json\/wp\/v2\/categories?post=6127"},{"taxonomy":"post_tag","embeddable":true,"href":"https:\/\/www.radiopresidenteibanez.cl\/web\/wp-json\/wp\/v2\/tags?post=6127"}],"curies":[{"name":"wp","href":"https:\/\/api.w.org\/{rel}","templated":true}]}}