{"id":6124,"date":"2019-08-02T21:03:07","date_gmt":"2019-08-02T21:03:07","guid":{"rendered":"http:\/\/www.radiopresidenteibanez.cl\/web\/?p=6124"},"modified":"2019-08-02T21:03:29","modified_gmt":"2019-08-02T21:03:29","slug":"ninos-y-jovenes-de-puerto-natales-disfrutaron-de-diversos-talleres-culturales-de-invierno","status":"publish","type":"post","link":"https:\/\/www.radiopresidenteibanez.cl\/web\/ninos-y-jovenes-de-puerto-natales-disfrutaron-de-diversos-talleres-culturales-de-invierno\/","title":{"rendered":"NI\u00d1OS Y J\u00d3VENES DE PUERTO NATALES DISFRUTARON DE DIVERSOS TALLERES CULTURALES DE INVIERNO"},"content":{"rendered":"\n<p>Despu\u00e9s de dos semanas de clases\nse realiz\u00f3 el cierre oficial de los talleres de invierno organizados por la\nCorporaci\u00f3n Municipal de Cultura, Turismo y Patrimonio, en conjunto con la\nIlustre Municipalidad de Natales, actividades desarrolladas en el espacio\ncultural \u201cNatalis\u201d y la sala de uso m\u00faltiple.<\/p>\n\n\n\n<p>Los ni\u00f1os y j\u00f3venes natalinos\nparticiparon de cuatro talleres ejecutados durante las vacaciones de invierno,\nentre los que destacan el taller de dibujo, t\u00edteres, viol\u00edn y circo. Adem\u00e1s compartieron\nun ciclo de cine infantil que se realiz\u00f3 tres veces a la semana. Todos los\ntalleres se desarrollaron a m\u00e1xima capacidad, teniendo que trasladar a la sala\nde uso m\u00faltiple el taller de circo para el correcto desempe\u00f1o de todas las\nactividades. <\/p>\n\n\n\n<p>El alcalde protocolar, Jos\u00e9 Cuyul\nRogel destac\u00f3 que como municipalidad entregaron este invierno una apuesta\ndiferente a los ni\u00f1os, donde adem\u00e1s agradeci\u00f3 a cada uno de las personas que\nestuvieron a cargo de los talleres. \u201cComo municipalidad el compromiso que\ntenemos es el de poder seguir trabajando, poder ampliar este espacio de trabajo\ndesde el punto de vista cultural para nuestros ni\u00f1os y j\u00f3venes; entendiendo que\nel espacio cultural se nos ha hecho m\u00e1s chico y nos hubiera gustado atender a\nmuchos ni\u00f1os m\u00e1s. Las ganas son bastantes pero el espacio es muy peque\u00f1o\u201d.<\/p>\n\n\n\n<p>En la misma l\u00ednea, el director\nejecutivo de la Corporaci\u00f3n, Alejandro Sobarzo, se mostr\u00f3 contento por la\nconvocatoria que tuvieron todos los cursos. \u201cNuevamente el Espacio Cultural\nNatalis se ve repleto de ni\u00f1os y eso nos genera la complicaci\u00f3n de espacios que\nnecesitamos para poder entregar talleres a distintos sectores de la comunidad\u201d.<\/p>\n\n\n\n<p>El profesor de los talleres de\ndibujo, Juan Guineo, destac\u00f3 que con esta actividad lograron despertar en ellos\nel inter\u00e9s por dibujar y observar. \u201cEsto tiene que ver con habilidades\npsicomotoras, motrices y la imaginaci\u00f3n\u201d, subrayando que esto los ayuda mucho\nm\u00e1s all\u00e1 del aprender a dibujar.<\/p>\n\n\n\n<p>\u201cEncontr\u00e9 que es una s\u00faper buena\nalternativa, ojal\u00e1 se sigan repitiendo ya que generan espacios para que los\nni\u00f1os se puedan mantener ocupados en vacaciones, puesto que muchas veces faltan\npanoramas para que puedan realizar cosas entretenidas\u201d, indic\u00f3 una de las\nmadres que fue beneficiadas. <\/p>\n\n\n\n<p>Producto de la preocupaci\u00f3n del\nalcalde de la comuna, Fernando Paredes Mansilla y el Concejo Municipal, los\nfuncionarios ya se encuentran preparando junto a la Seremi de las artes y las\nculturas, diversas actividades para este segundo semestre del a\u00f1o, destacando\nuna obra de teatro de Peter Pan para el pr\u00f3ximo 29 de agosto. Adem\u00e1s de\ntalleres de cueca para el mes de septiembre y escuelas de m\u00fasica en octubre. <\/p>\n","protected":false},"excerpt":{"rendered":"<p>Despu\u00e9s de dos semanas de clases se realiz\u00f3 el cierre oficial de los talleres de invierno organizados por la Corporaci\u00f3n Municipal de Cultura, Turismo y Patrimonio, en conjunto con la&#8230; <a class=\"read-more\" href=\"https:\/\/www.radiopresidenteibanez.cl\/web\/ninos-y-jovenes-de-puerto-natales-disfrutaron-de-diversos-talleres-culturales-de-invierno\/\">Leer m\u00e1s<\/a><\/p>\n","protected":false},"author":2,"featured_media":6125,"comment_status":"closed","ping_status":"closed","sticky":false,"template":"","format":"standard","meta":{"footnotes":""},"categories":[1],"tags":[],"class_list":["post-6124","post","type-post","status-publish","format-standard","has-post-thumbnail","hentry","category-cronica"],"_links":{"self":[{"href":"https:\/\/www.radiopresidenteibanez.cl\/web\/wp-json\/wp\/v2\/posts\/6124","targetHints":{"allow":["GET"]}}],"collection":[{"href":"https:\/\/www.radiopresidenteibanez.cl\/web\/wp-json\/wp\/v2\/posts"}],"about":[{"href":"https:\/\/www.radiopresidenteibanez.cl\/web\/wp-json\/wp\/v2\/types\/post"}],"author":[{"embeddable":true,"href":"https:\/\/www.radiopresidenteibanez.cl\/web\/wp-json\/wp\/v2\/users\/2"}],"replies":[{"embeddable":true,"href":"https:\/\/www.radiopresidenteibanez.cl\/web\/wp-json\/wp\/v2\/comments?post=6124"}],"version-history":[{"count":0,"href":"https:\/\/www.radiopresidenteibanez.cl\/web\/wp-json\/wp\/v2\/posts\/6124\/revisions"}],"wp:featuredmedia":[{"embeddable":true,"href":"https:\/\/www.radiopresidenteibanez.cl\/web\/wp-json\/wp\/v2\/media\/6125"}],"wp:attachment":[{"href":"https:\/\/www.radiopresidenteibanez.cl\/web\/wp-json\/wp\/v2\/media?parent=6124"}],"wp:term":[{"taxonomy":"category","embeddable":true,"href":"https:\/\/www.radiopresidenteibanez.cl\/web\/wp-json\/wp\/v2\/categories?post=6124"},{"taxonomy":"post_tag","embeddable":true,"href":"https:\/\/www.radiopresidenteibanez.cl\/web\/wp-json\/wp\/v2\/tags?post=6124"}],"curies":[{"name":"wp","href":"https:\/\/api.w.org\/{rel}","templated":true}]}}