{"id":6121,"date":"2019-08-02T20:58:21","date_gmt":"2019-08-02T20:58:21","guid":{"rendered":"http:\/\/www.radiopresidenteibanez.cl\/web\/?p=6121"},"modified":"2019-08-02T20:58:54","modified_gmt":"2019-08-02T20:58:54","slug":"6121-2","status":"publish","type":"post","link":"https:\/\/www.radiopresidenteibanez.cl\/web\/6121-2\/","title":{"rendered":""},"content":{"rendered":"\n<p>La jornada\ndel nuevo director del Hospital de Natales, Dr. Darwin Letelier, se inici\u00f3 con\nel acto solemne de entrega de la direcci\u00f3n del recinto, actividad que fue\nliderada por el director del Servicio de Salud Magallanes, Nelson Reyes y la subdirectora\nM\u00e9dica del Servicio de Salud Magallanes, Dra. Isabel Iduya. Acto en que el asumido\ndirectivo fue informado, por cada una de las subdirecciones, de los aspectos m\u00e1s\nimportantes de la labor.<\/p>\n\n\n\n<p>Posteriormente,\ndesarroll\u00f3 un encuentro con los funcionarios del recinto de salud, ocasi\u00f3n en\nque el director salud\u00f3 al personal y comprometi\u00f3 un trabajo conjunto. \u201cEstoy muy complacido de estar hoy d\u00eda ac\u00e1,\nhemos tenido una recepci\u00f3n muy buena del equipo de salud del hospital. Hicimos\nuna recepci\u00f3n en el auditorio, donde hubo harta participaci\u00f3n. Hicimos ya la\nrecepci\u00f3n formal del hospital, con toda la documentaci\u00f3n. Se hizo una\npresentaci\u00f3n del estado del avance de cada uno de los servicios. Tenemos hartos\nretos por delante, hartas cosas que poder mejorar y renovar en algunos\naspectos. La recepci\u00f3n ha sido excelente\u201d, asegur\u00f3 el Dr. Letelier.<\/p>\n\n\n\n<p>Por su parte,\nel director del Servicio de Salud Magallanes, se\u00f1al\u00f3 que la llegada del Dr.\nLetelier a la direcci\u00f3n del Hospital de Natales da cumplimiento a un compromiso\nasumido con la comunidad, y dijo: \u201ctal como nos hab\u00edamos comprometido en su momento, que en el mes de agosto\n\u00edbamos a traer a un nuevo director, m\u00e9dico, un profesional con bastante\nexperiencia en el \u00e1rea de la gesti\u00f3n y administraci\u00f3n hospitalaria, que es el\nDoctor, Darwin Letelier, y que hoy d\u00eda hemos venido a presentarlo a la\ncomunidad hospitalaria, a hacerle entrega del cargo y brindarle todo el apoyo\nen este nuevo proceso que estamos iniciando de recuperar todas las confianzas\nen nuestra familia hospitalaria y la comunidad. Estamos iniciando un trabajo de\nencantamiento, tenemos que acercarnos a la comunidad con un trabajo que vamos a\nplanificar con el director, aparte de su agenda de trabajo. La idea es que\nestemos en pocos d\u00edas trabajando en conjunto con algunos actores de a la\ncomunidad y del hospital\u201d. <\/p>\n\n\n\n<p>La intensa agenda del Dr. Darwin continu\u00f3 con un\nrecorrido por los servicios del establecimiento de salud, reuniones de trabajo,\nvisitas a los medios de comunicaci\u00f3n. &nbsp;<\/p>\n","protected":false},"excerpt":{"rendered":"<p>La jornada del nuevo director del Hospital de Natales, Dr. Darwin Letelier, se inici\u00f3 con el acto solemne de entrega de la direcci\u00f3n del recinto, actividad que fue liderada por&#8230; <a class=\"read-more\" href=\"https:\/\/www.radiopresidenteibanez.cl\/web\/6121-2\/\">Leer m\u00e1s<\/a><\/p>\n","protected":false},"author":2,"featured_media":6122,"comment_status":"closed","ping_status":"closed","sticky":false,"template":"","format":"standard","meta":{"footnotes":""},"categories":[1],"tags":[],"class_list":["post-6121","post","type-post","status-publish","format-standard","has-post-thumbnail","hentry","category-cronica"],"_links":{"self":[{"href":"https:\/\/www.radiopresidenteibanez.cl\/web\/wp-json\/wp\/v2\/posts\/6121","targetHints":{"allow":["GET"]}}],"collection":[{"href":"https:\/\/www.radiopresidenteibanez.cl\/web\/wp-json\/wp\/v2\/posts"}],"about":[{"href":"https:\/\/www.radiopresidenteibanez.cl\/web\/wp-json\/wp\/v2\/types\/post"}],"author":[{"embeddable":true,"href":"https:\/\/www.radiopresidenteibanez.cl\/web\/wp-json\/wp\/v2\/users\/2"}],"replies":[{"embeddable":true,"href":"https:\/\/www.radiopresidenteibanez.cl\/web\/wp-json\/wp\/v2\/comments?post=6121"}],"version-history":[{"count":0,"href":"https:\/\/www.radiopresidenteibanez.cl\/web\/wp-json\/wp\/v2\/posts\/6121\/revisions"}],"wp:featuredmedia":[{"embeddable":true,"href":"https:\/\/www.radiopresidenteibanez.cl\/web\/wp-json\/wp\/v2\/media\/6122"}],"wp:attachment":[{"href":"https:\/\/www.radiopresidenteibanez.cl\/web\/wp-json\/wp\/v2\/media?parent=6121"}],"wp:term":[{"taxonomy":"category","embeddable":true,"href":"https:\/\/www.radiopresidenteibanez.cl\/web\/wp-json\/wp\/v2\/categories?post=6121"},{"taxonomy":"post_tag","embeddable":true,"href":"https:\/\/www.radiopresidenteibanez.cl\/web\/wp-json\/wp\/v2\/tags?post=6121"}],"curies":[{"name":"wp","href":"https:\/\/api.w.org\/{rel}","templated":true}]}}