{"id":6118,"date":"2019-08-02T20:50:41","date_gmt":"2019-08-02T20:50:41","guid":{"rendered":"http:\/\/www.radiopresidenteibanez.cl\/web\/?p=6118"},"modified":"2019-08-02T20:52:25","modified_gmt":"2019-08-02T20:52:25","slug":"servicio-de-salud-magallanes-abrio-nuevo-concurso-para-proveer-un-segundo-oncologo-a-la-region","status":"publish","type":"post","link":"https:\/\/www.radiopresidenteibanez.cl\/web\/servicio-de-salud-magallanes-abrio-nuevo-concurso-para-proveer-un-segundo-oncologo-a-la-region\/","title":{"rendered":"SERVICIO DE SALUD MAGALLANES ABRI\u00d3 NUEVO CONCURSO  PARA PROVEER UN SEGUNDO ONC\u00d3LOGO A LA REGI\u00d3N"},"content":{"rendered":"\n<p>El Servicio de Salud\nMagallanes abri\u00f3 un segundo concurso para proveer el cargo de Onc\u00f3logo M\u00e9dico,\nluego de que en el anterior no se presentaran interesados que cumplieran con\nlos requisitos solicitados.<\/p>\n\n\n\n<p>El\nDirector del Servicio de Salud Magallanes, Nelson Reyes, explic\u00f3 que \u201cen el pa\u00eds\nhay un d\u00e9ficit de especialistas en c\u00e1ncer. En el sistema p\u00fablico trabajan 69\nonc\u00f3logos m\u00e9dicos, por lo tanto, reclutar a un segundo profesional para la regi\u00f3n\nes una tarea que no ha sido f\u00e1cil\u201d.<\/p>\n\n\n\n<p>La\natenci\u00f3n a los pacientes continuar\u00e1 mientras, se pueda contar con un nuevo\nprofesional, gracias a visitas semanales de onc\u00f3logos contratados por el Servicio\nde Salud, adem\u00e1s del apoyo ofrecido por el Ministerio desde el nivel central. Esto\npermitir\u00e1 mantener la cobertura mientras la onc\u00f3loga titular se recupera y\nvuelve de su licencia m\u00e9dica.<\/p>\n\n\n\n<p>Se planifica mantener, en el futuro, el apoyo de dichas rondas m\u00e9dicas para disminuir la brecha de atenci\u00f3n y poder entregar a todos los usuarios la atenci\u00f3n que requieren.<\/p>\n\n\n\n<p>Cabe recordar que hasta hace un a\u00f1o siempre la Regi\u00f3n de Magallanes cont\u00f3 con un solo onc\u00f3logo m\u00e9dico de adultos y se logr\u00f3 mantener sin lista de espera con el apoyo de las rondas m\u00e9dicas. <\/p>\n\n\n\n<p>En todo momento la oncologa ha sido apoyada por internistas con experiencia en el trabajo de oncolog\u00eda. Esperamos en un corto plazo resolver la presente situaci\u00f3n por la falta temporal de un especialista.<\/p>\n","protected":false},"excerpt":{"rendered":"<p>El Servicio de Salud Magallanes abri\u00f3 un segundo concurso para proveer el cargo de Onc\u00f3logo M\u00e9dico, luego de que en el anterior no se presentaran interesados que cumplieran con los&#8230; <a class=\"read-more\" href=\"https:\/\/www.radiopresidenteibanez.cl\/web\/servicio-de-salud-magallanes-abrio-nuevo-concurso-para-proveer-un-segundo-oncologo-a-la-region\/\">Leer m\u00e1s<\/a><\/p>\n","protected":false},"author":2,"featured_media":57,"comment_status":"closed","ping_status":"closed","sticky":false,"template":"","format":"standard","meta":{"footnotes":""},"categories":[1],"tags":[],"class_list":["post-6118","post","type-post","status-publish","format-standard","has-post-thumbnail","hentry","category-cronica"],"_links":{"self":[{"href":"https:\/\/www.radiopresidenteibanez.cl\/web\/wp-json\/wp\/v2\/posts\/6118","targetHints":{"allow":["GET"]}}],"collection":[{"href":"https:\/\/www.radiopresidenteibanez.cl\/web\/wp-json\/wp\/v2\/posts"}],"about":[{"href":"https:\/\/www.radiopresidenteibanez.cl\/web\/wp-json\/wp\/v2\/types\/post"}],"author":[{"embeddable":true,"href":"https:\/\/www.radiopresidenteibanez.cl\/web\/wp-json\/wp\/v2\/users\/2"}],"replies":[{"embeddable":true,"href":"https:\/\/www.radiopresidenteibanez.cl\/web\/wp-json\/wp\/v2\/comments?post=6118"}],"version-history":[{"count":0,"href":"https:\/\/www.radiopresidenteibanez.cl\/web\/wp-json\/wp\/v2\/posts\/6118\/revisions"}],"wp:featuredmedia":[{"embeddable":true,"href":"https:\/\/www.radiopresidenteibanez.cl\/web\/wp-json\/wp\/v2\/media\/57"}],"wp:attachment":[{"href":"https:\/\/www.radiopresidenteibanez.cl\/web\/wp-json\/wp\/v2\/media?parent=6118"}],"wp:term":[{"taxonomy":"category","embeddable":true,"href":"https:\/\/www.radiopresidenteibanez.cl\/web\/wp-json\/wp\/v2\/categories?post=6118"},{"taxonomy":"post_tag","embeddable":true,"href":"https:\/\/www.radiopresidenteibanez.cl\/web\/wp-json\/wp\/v2\/tags?post=6118"}],"curies":[{"name":"wp","href":"https:\/\/api.w.org\/{rel}","templated":true}]}}