{"id":6115,"date":"2019-08-02T20:27:17","date_gmt":"2019-08-02T20:27:17","guid":{"rendered":"http:\/\/www.radiopresidenteibanez.cl\/web\/?p=6115"},"modified":"2019-08-02T20:27:58","modified_gmt":"2019-08-02T20:27:58","slug":"aquachile-dona-a-agrupacion-asperger-natales-premio-obtenido-en-el-carnaval-de-puerto-natales","status":"publish","type":"post","link":"https:\/\/www.radiopresidenteibanez.cl\/web\/aquachile-dona-a-agrupacion-asperger-natales-premio-obtenido-en-el-carnaval-de-puerto-natales\/","title":{"rendered":"AQUACHILE DONA A AGRUPACI\u00d3N ASPERGER NATALES PREMIO OBTENIDO EN EL CARNAVAL DE PUERTO NATALES"},"content":{"rendered":"\n<p>El Carnaval de Puerto Natales es parte de las tradiciones de nuestra regi\u00f3n y sus carros aleg\u00f3ricos marcan un hito dentro de las celebraciones de aniversario de la ciudad. Este a\u00f1o, que se celebraron los 108 a\u00f1os de Puerto Natales, y en el marco del compromiso de AquaChile con la regi\u00f3n de Magallanes la compa\u00f1\u00eda present\u00f3 un carro aleg\u00f3rico que tuvo como tem\u00e1tica el aporte de los mineros de R\u00edo Turbio y sus familias al desarrollo econ\u00f3mico de la ciudad a mediados del siglo pasado. Con este reconocimiento a los mineros, la compa\u00f1\u00eda salmonera gan\u00f3 el primer lugar en carros aleg\u00f3ricos, en la categor\u00eda de \u201cEmpresas\u00bb y recibi\u00f3 un premio de un mill\u00f3n de pesos.<\/p>\n\n\n\n<p>AquaChile decidi\u00f3 donar la totalidad de este premio a la \u201cAgrupaci\u00f3n Asperger&nbsp;Natales\u201d,&nbsp;integrado por padres y madres de ni\u00f1os diagnosticados con CEA (condici\u00f3n de espectro autista). \u201cAquaChile particip\u00f3 en el carnaval de la ciudad porque somos parte de esta ciudad y tenemos un compromiso con Puerto Natales y su gente. Dado que recibimos un premio, decidimos donarlo y beneficiar as\u00ed a una instituci\u00f3n que lo necesita como es la Agrupaci\u00f3n&nbsp;Asperger Natales.&nbsp;Ellos utilizar\u00e1n el dinero para financiar, en parte, talleres de equinoterapia para sus ni\u00f1os\u201d, explic\u00f3&nbsp;Brenda Vera, Gerente Regional \u2013 Magallanes.<\/p>\n\n\n\n<p>AquaChile es el segundo actor en la industria mundial del salm\u00f3n, elabora productos de la m\u00e1s alta calidad, y lo hace de la mano de una producci\u00f3n responsable con el medio ambiente y cercana con las comunidades vecinas.<\/p>\n","protected":false},"excerpt":{"rendered":"<p>El Carnaval de Puerto Natales es parte de las tradiciones de nuestra regi\u00f3n y sus carros aleg\u00f3ricos marcan un hito dentro de las celebraciones de aniversario de la ciudad. Este&#8230; <a class=\"read-more\" href=\"https:\/\/www.radiopresidenteibanez.cl\/web\/aquachile-dona-a-agrupacion-asperger-natales-premio-obtenido-en-el-carnaval-de-puerto-natales\/\">Leer m\u00e1s<\/a><\/p>\n","protected":false},"author":2,"featured_media":6116,"comment_status":"closed","ping_status":"closed","sticky":false,"template":"","format":"standard","meta":{"footnotes":""},"categories":[1],"tags":[],"class_list":["post-6115","post","type-post","status-publish","format-standard","has-post-thumbnail","hentry","category-cronica"],"_links":{"self":[{"href":"https:\/\/www.radiopresidenteibanez.cl\/web\/wp-json\/wp\/v2\/posts\/6115","targetHints":{"allow":["GET"]}}],"collection":[{"href":"https:\/\/www.radiopresidenteibanez.cl\/web\/wp-json\/wp\/v2\/posts"}],"about":[{"href":"https:\/\/www.radiopresidenteibanez.cl\/web\/wp-json\/wp\/v2\/types\/post"}],"author":[{"embeddable":true,"href":"https:\/\/www.radiopresidenteibanez.cl\/web\/wp-json\/wp\/v2\/users\/2"}],"replies":[{"embeddable":true,"href":"https:\/\/www.radiopresidenteibanez.cl\/web\/wp-json\/wp\/v2\/comments?post=6115"}],"version-history":[{"count":0,"href":"https:\/\/www.radiopresidenteibanez.cl\/web\/wp-json\/wp\/v2\/posts\/6115\/revisions"}],"wp:featuredmedia":[{"embeddable":true,"href":"https:\/\/www.radiopresidenteibanez.cl\/web\/wp-json\/wp\/v2\/media\/6116"}],"wp:attachment":[{"href":"https:\/\/www.radiopresidenteibanez.cl\/web\/wp-json\/wp\/v2\/media?parent=6115"}],"wp:term":[{"taxonomy":"category","embeddable":true,"href":"https:\/\/www.radiopresidenteibanez.cl\/web\/wp-json\/wp\/v2\/categories?post=6115"},{"taxonomy":"post_tag","embeddable":true,"href":"https:\/\/www.radiopresidenteibanez.cl\/web\/wp-json\/wp\/v2\/tags?post=6115"}],"curies":[{"name":"wp","href":"https:\/\/api.w.org\/{rel}","templated":true}]}}