{"id":6110,"date":"2019-08-02T20:12:30","date_gmt":"2019-08-02T20:12:30","guid":{"rendered":"http:\/\/www.radiopresidenteibanez.cl\/web\/?p=6110"},"modified":"2019-08-02T20:13:05","modified_gmt":"2019-08-02T20:13:05","slug":"a-un-ano-de-la-promulgacion-de-ley-chao-bolsas-plasticas-se-ha-evitado-el-consumo-de-2-200-millones-de-bolsas-plasticas","status":"publish","type":"post","link":"https:\/\/www.radiopresidenteibanez.cl\/web\/a-un-ano-de-la-promulgacion-de-ley-chao-bolsas-plasticas-se-ha-evitado-el-consumo-de-2-200-millones-de-bolsas-plasticas\/","title":{"rendered":"A UN A\u00d1O DE LA PROMULGACI\u00d3N DE LEY CHAO BOLSAS PL\u00c1STICAS: SE HA EVITADO EL CONSUMO DE 2.200 MILLONES DE BOLSAS PL\u00c1STICAS"},"content":{"rendered":"\n<p>El 3 de agosto se cumple un a\u00f1o de la implementaci\u00f3n de la Ley 21.100,\nconocida popularmente como Chao Bolsas Pl\u00e1sticas. De acuerdo a una estimaci\u00f3n\nrealizada por el Ministerio del Medio Ambiente, durante el primer a\u00f1o de\naplicaci\u00f3n de la ley se ha evitado el consumo de unas 2.200 millones de bolsas\npl\u00e1sticas tipo camiseta.<\/p>\n\n\n\n<p>El Seremi del Medio Ambiente, Eduardo Schiappacasse explic\u00f3 que esta ley tiene\nun 95% de aprobaci\u00f3n de la comunidad y es el primer paso de una estrategia\nglobal para promover la econom\u00eda circular en el pa\u00eds. \u201cEstamos cumpliendo un\na\u00f1o de la promulgaci\u00f3n de la Ley Chao Bolsas Pl\u00e1sticas, iniciativa que proh\u00edbe\nla entrega de bolsas pl\u00e1sticas en el comercio y esto ha redundado en mejorar la\ncalidad de vida de las personas, uno de los objetivos del Programa de Gobierno\ndel Presidente Sebasti\u00e1n Pi\u00f1era, respecto del Medio Ambiente. Invitamos a la\ncomunidad a avanzar hacia una nuevo desaf\u00edo, planificar sus comprar y llevar\nsus propios recipientes o bolsas de tela para evitar los pl\u00e1sticos de un solo uso.\nCon esta acci\u00f3n estamos adelant\u00e1ndonos a la implementaci\u00f3n de la Ley REP (Responsabilidad\nExtendida del Productor), que fijar\u00e1 metas de recolecci\u00f3n y valorizaci\u00f3n para\nlos envases y embalajes\u201d.<\/p>\n\n\n\n<p>La autoridad ambiental conmemor\u00f3 este hito, recorriendo el comercio local\ncon el objetivo de observar c\u00f3mo se han desarrollado emprendimientos y\nalternativas para reemplazar las bolsas pl\u00e1sticas tipo camiseta y aquellas\nbolsas que representan un envase primario de ciertos productos. Uno de los\nlocales visitados fue la envasadora Ays\u00e9n, donde el Seremi pudo comprar frutos\nsecos y guardarlos en bolsas de tela y frascos de vidrio.<\/p>\n\n\n\n<p>Por su parte, Oliver Rabanal, Subadministrador de Envasadora Ays\u00e9n indic\u00f3\nque desde la entrada en vigencia de la ley que ya no entregan bolsas pl\u00e1sticas\ny, aunque utilizan bolsas pl\u00e1sticas para envasar los productos que venden a\ngranel, afirma que est\u00e1n evaluando migrar hacia una bolsa de ma\u00edz compostable. \u201cDesde\nla entrada en vigencia de la Ley que ya no entregamos bolsas pl\u00e1sticas,\nentregamos nuestras propias bolsas reutilizables. A pesar de ello, hay muchas\npersonas que traen sus propias bolsas de tela, taper o frascos de vidrio y no\ntenemos ning\u00fan problema en pesar los productos ah\u00ed y evitar el uso de pl\u00e1stico.\nLa comunidad es mucho m\u00e1s consciente con el cuidado del Medio Ambiente y\nestamos muy contentos de eso\u201d.<\/p>\n\n\n\n<p>El \u00faltimo tiempo han aparecido en la regi\u00f3n diversos eco emprendimientos\nque buscan evitar el uso de envases y ofrecen productos amigables con el Medio\nAmbiente, como cepillos de dientes de bamb\u00fa, shamp\u00fa y b\u00e1lsamo s\u00f3lido en barra\nsin envase, bolsas de tela para comprar a granel, bombillas de silicona y\nvidrio, desodorante y pasta dental natural. Tal es el caso de \u201cEl Roble,\ndespensa a granel\u201d quienes en tres meses han logrado posicionarse como una\nalternativa m\u00e1s sustentable. \u201cHa costado un poco la venta de las bolsas de\ntela, porque la gente es un poco c\u00f3moda y a veces se le olvida llevar adem\u00e1s de\nla bolsa para los productos, bolsitas individuales para el pan, la fruta o las\ncosas que uno compra a granel, sin embargo en estos tres meses hemos logrado ir\ncreciendo y hemos visto como los mismos locales ya ven como una alternativa que\nuno llegue con sus recipientes\u201d, explic\u00f3 Catherine Cofr\u00e9, due\u00f1a de El Roble.<\/p>\n","protected":false},"excerpt":{"rendered":"<p>El 3 de agosto se cumple un a\u00f1o de la implementaci\u00f3n de la Ley 21.100, conocida popularmente como Chao Bolsas Pl\u00e1sticas. De acuerdo a una estimaci\u00f3n realizada por el Ministerio&#8230; <a class=\"read-more\" href=\"https:\/\/www.radiopresidenteibanez.cl\/web\/a-un-ano-de-la-promulgacion-de-ley-chao-bolsas-plasticas-se-ha-evitado-el-consumo-de-2-200-millones-de-bolsas-plasticas\/\">Leer m\u00e1s<\/a><\/p>\n","protected":false},"author":2,"featured_media":6111,"comment_status":"closed","ping_status":"closed","sticky":false,"template":"","format":"standard","meta":{"footnotes":""},"categories":[1],"tags":[],"class_list":["post-6110","post","type-post","status-publish","format-standard","has-post-thumbnail","hentry","category-cronica"],"_links":{"self":[{"href":"https:\/\/www.radiopresidenteibanez.cl\/web\/wp-json\/wp\/v2\/posts\/6110","targetHints":{"allow":["GET"]}}],"collection":[{"href":"https:\/\/www.radiopresidenteibanez.cl\/web\/wp-json\/wp\/v2\/posts"}],"about":[{"href":"https:\/\/www.radiopresidenteibanez.cl\/web\/wp-json\/wp\/v2\/types\/post"}],"author":[{"embeddable":true,"href":"https:\/\/www.radiopresidenteibanez.cl\/web\/wp-json\/wp\/v2\/users\/2"}],"replies":[{"embeddable":true,"href":"https:\/\/www.radiopresidenteibanez.cl\/web\/wp-json\/wp\/v2\/comments?post=6110"}],"version-history":[{"count":0,"href":"https:\/\/www.radiopresidenteibanez.cl\/web\/wp-json\/wp\/v2\/posts\/6110\/revisions"}],"wp:featuredmedia":[{"embeddable":true,"href":"https:\/\/www.radiopresidenteibanez.cl\/web\/wp-json\/wp\/v2\/media\/6111"}],"wp:attachment":[{"href":"https:\/\/www.radiopresidenteibanez.cl\/web\/wp-json\/wp\/v2\/media?parent=6110"}],"wp:term":[{"taxonomy":"category","embeddable":true,"href":"https:\/\/www.radiopresidenteibanez.cl\/web\/wp-json\/wp\/v2\/categories?post=6110"},{"taxonomy":"post_tag","embeddable":true,"href":"https:\/\/www.radiopresidenteibanez.cl\/web\/wp-json\/wp\/v2\/tags?post=6110"}],"curies":[{"name":"wp","href":"https:\/\/api.w.org\/{rel}","templated":true}]}}