{"id":6107,"date":"2019-08-02T20:08:52","date_gmt":"2019-08-02T20:08:52","guid":{"rendered":"http:\/\/www.radiopresidenteibanez.cl\/web\/?p=6107"},"modified":"2019-08-02T20:09:01","modified_gmt":"2019-08-02T20:09:01","slug":"pymes-de-punta-arenas-son-mas-productivas-dias-perdidos-por-accidentes-laborales-disminuyeron-23-en-empresas-afiliadas-a-mutual-de-seguridad","status":"publish","type":"post","link":"https:\/\/www.radiopresidenteibanez.cl\/web\/pymes-de-punta-arenas-son-mas-productivas-dias-perdidos-por-accidentes-laborales-disminuyeron-23-en-empresas-afiliadas-a-mutual-de-seguridad\/","title":{"rendered":"PYMES DE PUNTA ARENAS SON M\u00c1S PRODUCTIVAS: D\u00cdAS PERDIDOS POR ACCIDENTES LABORALES DISMINUYERON 23% EN EMPRESAS AFILIADAS A MUTUAL DE SEGURIDAD"},"content":{"rendered":"\n<p>Los trabajadores de\nPeque\u00f1as y Medianas Empresas de Punta Arenas se accidentan cada vez menos. As\u00ed\nlo ratifican las cifras presentadas por Mutual de Seguridad CChC, que entre\n2017 y 2018 disminuy\u00f3 en 0,22% la tasa de accidentabilidad de las empresas\nafiliadas, aun cuando la cantidad de empleados aument\u00f3 en 2%.<\/p>\n\n\n\n<p>En otras palabras, la tasa de accidentabilidad de los 4.790 trabajadores\ncubiertos en 2018 se redujo a 2,86%, aumentando as\u00ed su productividad al contar\ncon mayor fuerza de trabajo. Si en 2017 las empresas ten\u00edan 2.934 d\u00edas perdidos\npor ausencia de trabajadores que sufrieron accidentes laborales, en 2018 la\ncantidad de faltas disminuy\u00f3 a 2.388, lo que se traduce en una reducci\u00f3n de 23%\nde los d\u00edas laborales perdidos. <\/p>\n\n\n\n<p>La Mutual dio a conocer\nestas cifras en el encuentro Gira Mutual Pyme, que este jueves se realiz\u00f3 en la\nXII\nRegi\u00f3n, a la que asistieron empresarios y emprendedores de diversos\nrubros de la zona. La iniciativa, impulsada por Mutual de Seguridad CChC, busca\nentregar herramientas y orientaci\u00f3n a las Empresas de Menor Tama\u00f1o y a los\nemprendedores del pa\u00eds en materia de productividad y sostenibilidad de su\nnegocio.<\/p>\n\n\n\n<p>Parte de los temas\nexpuestos en el encuentro fueron las cifras de inter\u00e9s para los emprendedores\nde Punta Arenas. En esta\nzona del pa\u00eds la mayor\u00eda de las Pymes se dedica al rubro de la construcci\u00f3n\n(17,2%) y al segmento inmobiliario (16,4%), seguidos por la venta al por mayor\ny menor (14,2%) y el transporte (11,7%).<\/p>\n\n\n\n<p>Del total de accidentes, los que son por causas no especificadas, como\naccidentes de trayecto, representan la mayor\u00eda del escenario local con el 70%\nde representatividad. Le siguen siniestros por golpes, atrapamiento y contacto\ntraum\u00e1tico (14,7%), seguido por ca\u00eddas en mismo nivel (10,7%) y ca\u00eddas de\ndistinto nivel (2,7%). <\/p>\n\n\n\n<p>\u201cLas Pymes de la regi\u00f3n est\u00e1n\ncomprometidas con la seguridad de sus trabajadores, bajando sus tasas de\naccidentes. Los hemos apoyado con un modelo de atenci\u00f3n multicanal, remoto y\npresencial en la asesor\u00eda, que adem\u00e1s aporta con una mirada que considera la\ncontinuidad del negocio y la sostenibilidad de sus operaciones\u201d asegur\u00f3 Luis\nBradasic, Gerente de Agencia Punta Arenas de Mutual de Seguridad CChC.<\/p>\n\n\n\n<p>El evento cont\u00f3 con la presencia de autoridades de\nGobierno, como Natalia Easton Cortesi, Secretaria Regional Ministerial de\nEconom\u00eda; Victoria Cortes Schiattino, Secretaria Regional Ministerial del\nTrabajo y Previsi\u00f3n Social; y Jorge Altamirano, Director General de Magallanes\nde la Tesorer\u00eda General de la Rep\u00fablica. Los\nasistentes valoraron la iniciativa y dirigieron palabras de motivaci\u00f3n para\ntodos los emprendedores que participaron en Gira Mutual Pyme. <\/p>\n\n\n\n<p>&nbsp;\u201cTal como hemos se\u00f1alado, Chile est\u00e1 en marcha\ngracias a nuestras pymes. Talleres como estos, no solo son instancias para\nconocernos y compartir en todo lo relacionado a estas materias, sino que\ntambi\u00e9n para poner en relieve la importancia de la seguridad de los\ntrabajadores en las peque\u00f1as y medianas empresas. Estamos muy contentos con el\ndesarrollo de esta jornada y esperamos que se repitan con mayor frecuencia.\u201d,\ndijo Victoria Cortes Schiattino, Secretaria Regional Ministerial del Trabajo y\nPrevisi\u00f3n Social. <\/p>\n\n\n\n<p>En tanto, Jos\u00e9 Manuel Saavedra, Gerente Corporativo\nde Clientes y Desarrollo de Mutual de Seguridad CChC, se\u00f1al\u00f3 \u201cPara nosotros\ncomo Mutual de Seguridad este tipo de actividades son la materializaci\u00f3n de un\ncompromiso que hace 10 a\u00f1os adquirimos con las Pymes, de avanzar en la\nprotecci\u00f3n y en la seguridad de los trabajadores. Estamos convencidos de que el\npa\u00eds va crecer mejor, si crece con seguridad. Las tareas y trabajos m\u00e1s seguros\nson m\u00e1s productivos, rentables y son trabajos donde la gente es feliz y un pa\u00eds\nm\u00e1s feliz, es mejor\u201d.<\/p>\n\n\n\n<p>Con este encuentro, Mutual\nde Seguridad contin\u00faa con su Gira Mutual Pyme que se encuentra recorriendo\nChile de Arica a Punta Arenas para concretar 13 eventos que buscan fortalecer a\nlas peque\u00f1as y medianas empresas que emplean a m\u00e1s de 2,7 millones de personas\nen el Pa\u00eds.<\/p>\n","protected":false},"excerpt":{"rendered":"<p>Los trabajadores de Peque\u00f1as y Medianas Empresas de Punta Arenas se accidentan cada vez menos. As\u00ed lo ratifican las cifras presentadas por Mutual de Seguridad CChC, que entre 2017 y&#8230; <a class=\"read-more\" href=\"https:\/\/www.radiopresidenteibanez.cl\/web\/pymes-de-punta-arenas-son-mas-productivas-dias-perdidos-por-accidentes-laborales-disminuyeron-23-en-empresas-afiliadas-a-mutual-de-seguridad\/\">Leer m\u00e1s<\/a><\/p>\n","protected":false},"author":2,"featured_media":6108,"comment_status":"closed","ping_status":"closed","sticky":false,"template":"","format":"standard","meta":{"footnotes":""},"categories":[1],"tags":[],"class_list":["post-6107","post","type-post","status-publish","format-standard","has-post-thumbnail","hentry","category-cronica"],"_links":{"self":[{"href":"https:\/\/www.radiopresidenteibanez.cl\/web\/wp-json\/wp\/v2\/posts\/6107","targetHints":{"allow":["GET"]}}],"collection":[{"href":"https:\/\/www.radiopresidenteibanez.cl\/web\/wp-json\/wp\/v2\/posts"}],"about":[{"href":"https:\/\/www.radiopresidenteibanez.cl\/web\/wp-json\/wp\/v2\/types\/post"}],"author":[{"embeddable":true,"href":"https:\/\/www.radiopresidenteibanez.cl\/web\/wp-json\/wp\/v2\/users\/2"}],"replies":[{"embeddable":true,"href":"https:\/\/www.radiopresidenteibanez.cl\/web\/wp-json\/wp\/v2\/comments?post=6107"}],"version-history":[{"count":0,"href":"https:\/\/www.radiopresidenteibanez.cl\/web\/wp-json\/wp\/v2\/posts\/6107\/revisions"}],"wp:featuredmedia":[{"embeddable":true,"href":"https:\/\/www.radiopresidenteibanez.cl\/web\/wp-json\/wp\/v2\/media\/6108"}],"wp:attachment":[{"href":"https:\/\/www.radiopresidenteibanez.cl\/web\/wp-json\/wp\/v2\/media?parent=6107"}],"wp:term":[{"taxonomy":"category","embeddable":true,"href":"https:\/\/www.radiopresidenteibanez.cl\/web\/wp-json\/wp\/v2\/categories?post=6107"},{"taxonomy":"post_tag","embeddable":true,"href":"https:\/\/www.radiopresidenteibanez.cl\/web\/wp-json\/wp\/v2\/tags?post=6107"}],"curies":[{"name":"wp","href":"https:\/\/api.w.org\/{rel}","templated":true}]}}