{"id":6103,"date":"2019-08-02T19:52:00","date_gmt":"2019-08-02T19:52:00","guid":{"rendered":"http:\/\/www.radiopresidenteibanez.cl\/web\/?p=6103"},"modified":"2019-08-02T19:52:11","modified_gmt":"2019-08-02T19:52:11","slug":"nueva-jornada-de-esterilizaciones-para-mascotas-a-bajo-costo","status":"publish","type":"post","link":"https:\/\/www.radiopresidenteibanez.cl\/web\/nueva-jornada-de-esterilizaciones-para-mascotas-a-bajo-costo\/","title":{"rendered":"NUEVA JORNADA DE ESTERILIZACIONES PARA MASCOTAS A BAJO COSTO"},"content":{"rendered":"\n<p><em>El s\u00e1bado 3 de agosto a las 3 de la tarde en la sede Agaci, ubicada en calle Angamos con Avda. Espa\u00f1a, la agrupaci\u00f3n Udda estar\u00e1 entregando 120 cupos de cirug\u00edas veterinarias a bajo costo.<\/em><em>Las intervenciones se realizar\u00e1n a fines de agosto y es para perros y gatos ambos sexos.<\/em><em>Estas jornadas se vienen realizando desde el a\u00f1o 2008 con m\u00e9dicos&nbsp;veterinarios de Santiago, contratados por la agrupaci\u00f3n y que tienen por finalidad contribuir al control de la poblaci\u00f3n canina y felina.<\/em><em>Los m\u00e9dicos que participan trabajan con protocolos de r\u00e1pida recuperaci\u00f3n, se intervienen a temprana edad y en forma masiva, lo que ha significado la atenci\u00f3n de m\u00e1s de 4.000 mascotas a la fecha.<\/em><\/p>\n","protected":false},"excerpt":{"rendered":"<p>El s\u00e1bado 3 de agosto a las 3 de la tarde en la sede Agaci, ubicada en calle Angamos con Avda. Espa\u00f1a, la agrupaci\u00f3n Udda estar\u00e1 entregando 120 cupos de&#8230; <a class=\"read-more\" href=\"https:\/\/www.radiopresidenteibanez.cl\/web\/nueva-jornada-de-esterilizaciones-para-mascotas-a-bajo-costo\/\">Leer m\u00e1s<\/a><\/p>\n","protected":false},"author":2,"featured_media":6104,"comment_status":"closed","ping_status":"closed","sticky":false,"template":"","format":"standard","meta":{"footnotes":""},"categories":[1],"tags":[],"class_list":["post-6103","post","type-post","status-publish","format-standard","has-post-thumbnail","hentry","category-cronica"],"_links":{"self":[{"href":"https:\/\/www.radiopresidenteibanez.cl\/web\/wp-json\/wp\/v2\/posts\/6103","targetHints":{"allow":["GET"]}}],"collection":[{"href":"https:\/\/www.radiopresidenteibanez.cl\/web\/wp-json\/wp\/v2\/posts"}],"about":[{"href":"https:\/\/www.radiopresidenteibanez.cl\/web\/wp-json\/wp\/v2\/types\/post"}],"author":[{"embeddable":true,"href":"https:\/\/www.radiopresidenteibanez.cl\/web\/wp-json\/wp\/v2\/users\/2"}],"replies":[{"embeddable":true,"href":"https:\/\/www.radiopresidenteibanez.cl\/web\/wp-json\/wp\/v2\/comments?post=6103"}],"version-history":[{"count":0,"href":"https:\/\/www.radiopresidenteibanez.cl\/web\/wp-json\/wp\/v2\/posts\/6103\/revisions"}],"wp:featuredmedia":[{"embeddable":true,"href":"https:\/\/www.radiopresidenteibanez.cl\/web\/wp-json\/wp\/v2\/media\/6104"}],"wp:attachment":[{"href":"https:\/\/www.radiopresidenteibanez.cl\/web\/wp-json\/wp\/v2\/media?parent=6103"}],"wp:term":[{"taxonomy":"category","embeddable":true,"href":"https:\/\/www.radiopresidenteibanez.cl\/web\/wp-json\/wp\/v2\/categories?post=6103"},{"taxonomy":"post_tag","embeddable":true,"href":"https:\/\/www.radiopresidenteibanez.cl\/web\/wp-json\/wp\/v2\/tags?post=6103"}],"curies":[{"name":"wp","href":"https:\/\/api.w.org\/{rel}","templated":true}]}}